{"id":14049,"date":"2019-02-07T11:48:22","date_gmt":"2019-02-07T10:48:22","guid":{"rendered":"http:\/\/serveiseducatius.xtec.cat\/bdrlectura\/?p=14049"},"modified":"2020-07-14T15:11:11","modified_gmt":"2020-07-14T13:11:11","slug":"los-moviles-nuevo-territorio-para-el-fomento-de-la-lectura-de-los-jovenes","status":"publish","type":"post","link":"https:\/\/serveiseducatius.xtec.cat\/bdrlectura\/propostes-didactiques-c-info\/los-moviles-nuevo-territorio-para-el-fomento-de-la-lectura-de-los-jovenes\/","title":{"rendered":"Los m\u00f3viles, nuevo territorio para el fomento de la lectura de los j\u00f3venes"},"content":{"rendered":"<h5><img loading=\"lazy\" decoding=\"async\" class=\"size-full wp-image-14050 alignleft\" src=\"https:\/\/serveiseducatius.xtec.cat\/bdrlectura\/wp-content\/uploads\/usu1339\/2019\/02\/mobils.jpg\" alt=\"\" width=\"210\" height=\"140\" \/><a href=\"http:\/\/fundaciongsr.org\/wp-content\/uploads\/2019\/02\/M%C3%B3viles_J%C3%B3venes_Lectura.pdf\" target=\"_blank\" rel=\"noopener noreferrer\">Los m\u00f3viles, nuevo territorio para el fomento de la lectura de los j\u00f3venes<\/a><\/h5>\n<p>Projecte de la <a href=\"https:\/\/fundaciongsr.org\/\" target=\"_blank\" rel=\"noopener noreferrer\">Fundaci\u00f3n Germ\u00e1n S\u00e1nchez Ruip\u00e9rez<\/a> orientat a fomentar\u00a0la lectura entre els adolescents, en el qual connecten arguments i dades per fer dels m\u00f2bils una eina per llegir en les estones de lleure.<\/p>\n","protected":false},"excerpt":{"rendered":"<p><a href=\"http:\/\/fundaciongsr.org\/wp-content\/uploads\/2019\/02\/M%C3%B3viles_J%C3%B3venes_Lectura.pdf\" target=\"_blank\" rel=\"noopener noreferrer\">Los m\u00f3viles, nuevo territorio para el fomento de la lectura de los j\u00f3venes<\/a><br \/>\nProjecte de la <a href=\"https:\/\/fundaciongsr.org\/\" target=\"_blank\" rel=\"noopener noreferrer\">Fundaci\u00f3n Germ\u00e1n S\u00e1nchez Ruip\u00e9rez<\/a> orientat a fomentar\u00a0la lectura entre els adolescents, en el qual connecten arguments i dades per fer dels m\u00f2bils&hellip;  <a href=\"https:\/\/serveiseducatius.xtec.cat\/bdrlectura\/propostes-didactiques-c-info\/los-moviles-nuevo-territorio-para-el-fomento-de-la-lectura-de-los-jovenes\/\" title=\"Read Los m\u00f3viles, nuevo territorio para el fomento de la lectura de los j\u00f3venes\">Llegeix m\u00e9s\u00bb<\/a><\/p>\n","protected":false},"author":1,"featured_media":0,"comment_status":"open","ping_status":"closed","sticky":false,"template":"","format":"standard","meta":{"_bbp_topic_count":0,"_bbp_reply_count":0,"_bbp_total_topic_count":0,"_bbp_total_reply_count":0,"_bbp_voice_count":0,"_bbp_anonymous_reply_count":0,"_bbp_topic_count_hidden":0,"_bbp_reply_count_hidden":0,"_bbp_forum_subforum_count":0,"footnotes":""},"categories":[455,323,610],"tags":[529,449,583],"class_list":["post-14049","post","type-post","status-publish","format-standard","hentry","category-promocio-de-la-lectura","category-propostes-didactiques-c-info","category-propostes-didactiques-el","tag-aplicacions-mobils","tag-educacio-secundaria","tag-promocio-de-la-lectura"],"post_mailing_queue_ids":[],"_links":{"self":[{"href":"https:\/\/serveiseducatius.xtec.cat\/bdrlectura\/wp-json\/wp\/v2\/posts\/14049","targetHints":{"allow":["GET"]}}],"collection":[{"href":"https:\/\/serveiseducatius.xtec.cat\/bdrlectura\/wp-json\/wp\/v2\/posts"}],"about":[{"href":"https:\/\/serveiseducatius.xtec.cat\/bdrlectura\/wp-json\/wp\/v2\/types\/post"}],"author":[{"embeddable":true,"href":"https:\/\/serveiseducatius.xtec.cat\/bdrlectura\/wp-json\/wp\/v2\/users\/1"}],"replies":[{"embeddable":true,"href":"https:\/\/serveiseducatius.xtec.cat\/bdrlectura\/wp-json\/wp\/v2\/comments?post=14049"}],"version-history":[{"count":2,"href":"https:\/\/serveiseducatius.xtec.cat\/bdrlectura\/wp-json\/wp\/v2\/posts\/14049\/revisions"}],"predecessor-version":[{"id":14630,"href":"https:\/\/serveiseducatius.xtec.cat\/bdrlectura\/wp-json\/wp\/v2\/posts\/14049\/revisions\/14630"}],"wp:attachment":[{"href":"https:\/\/serveiseducatius.xtec.cat\/bdrlectura\/wp-json\/wp\/v2\/media?parent=14049"}],"wp:term":[{"taxonomy":"category","embeddable":true,"href":"https:\/\/serveiseducatius.xtec.cat\/bdrlectura\/wp-json\/wp\/v2\/categories?post=14049"},{"taxonomy":"post_tag","embeddable":true,"href":"https:\/\/serveiseducatius.xtec.cat\/bdrlectura\/wp-json\/wp\/v2\/tags?post=14049"}],"curies":[{"name":"wp","href":"https:\/\/api.w.org\/{rel}","templated":true}]}}