{"id":13822,"date":"2018-11-15T20:23:06","date_gmt":"2018-11-15T19:23:06","guid":{"rendered":"http:\/\/serveiseducatius.xtec.cat\/bdrlectura\/?p=13822"},"modified":"2020-01-13T11:17:14","modified_gmt":"2020-01-13T10:17:14","slug":"elles-son-les-protagonistes","status":"publish","type":"post","link":"https:\/\/serveiseducatius.xtec.cat\/bdrlectura\/revistes\/elles-son-les-protagonistes\/","title":{"rendered":"Elles s\u00f3n les protagonistes\u00a0"},"content":{"rendered":"<h5><img loading=\"lazy\" decoding=\"async\" class=\"alignleft wp-image-13823 size-full\" src=\"https:\/\/serveiseducatius.xtec.cat\/bdrlectura\/wp-content\/uploads\/usu1339\/2018\/11\/Faristol_88.jpg\" alt=\"\" width=\"210\" height=\"140\" \/><a href=\"https:\/\/dialnet.unirioja.es\/ejemplar\/502285\" target=\"_blank\" rel=\"noopener noreferrer\">Elles s\u00f3n les protagonistes\u00a0<\/a><\/h5>\n<p>Dossier de la revista\u00a0<a href=\"https:\/\/www.clijcat.cat\/\" target=\"_blank\" rel=\"noopener noreferrer\">Faristol\u00a0<\/a>n\u00fam. 88 que planteja diverses q\u00fcestions entorn dels llibres protagonitzats per personatges femenins, des d&#8217;una visi\u00f3 cr\u00edtica i actual. Inclou, tamb\u00e9, una tria de deu t\u00edtols infantils i juvenils amb nenes i noies com a protagonistes (novembre 2018).<\/p>\n","protected":false},"excerpt":{"rendered":"<p><a href=\"https:\/\/dialnet.unirioja.es\/ejemplar\/502285\" target=\"_blank\" rel=\"noopener noreferrer\">Elles s\u00f3n les protagonistes\u00a0<\/a><br \/>\nDossier de la revista\u00a0<a href=\"https:\/\/www.clijcat.cat\/\" target=\"_blank\" rel=\"noopener noreferrer\">Faristol\u00a0<\/a>n\u00fam. 88 que planteja diverses q\u00fcestions entorn dels llibres protagonitzats per personatges femenins, des d&#8217;una visi\u00f3 cr\u00edtica i actual. Inclou, tamb\u00e9, una tria de deu t\u00edtols infantils i juvenils amb nenes&hellip;  <a href=\"https:\/\/serveiseducatius.xtec.cat\/bdrlectura\/revistes\/elles-son-les-protagonistes\/\" title=\"Read Elles s\u00f3n les protagonistes\u00a0\">Llegeix m\u00e9s\u00bb<\/a><\/p>\n","protected":false},"author":1,"featured_media":13823,"comment_status":"open","ping_status":"closed","sticky":false,"template":"","format":"standard","meta":{"_bbp_topic_count":0,"_bbp_reply_count":0,"_bbp_total_topic_count":0,"_bbp_total_reply_count":0,"_bbp_voice_count":0,"_bbp_anonymous_reply_count":0,"_bbp_topic_count_hidden":0,"_bbp_reply_count_hidden":0,"_bbp_forum_subforum_count":0,"footnotes":""},"categories":[564],"tags":[402,454,560],"class_list":["post-13822","post","type-post","status-publish","format-standard","has-post-thumbnail","hentry","category-revistes","tag-faristol","tag-literatura-infantil-i-juvenil","tag-revistes"],"post_mailing_queue_ids":[],"_links":{"self":[{"href":"https:\/\/serveiseducatius.xtec.cat\/bdrlectura\/wp-json\/wp\/v2\/posts\/13822","targetHints":{"allow":["GET"]}}],"collection":[{"href":"https:\/\/serveiseducatius.xtec.cat\/bdrlectura\/wp-json\/wp\/v2\/posts"}],"about":[{"href":"https:\/\/serveiseducatius.xtec.cat\/bdrlectura\/wp-json\/wp\/v2\/types\/post"}],"author":[{"embeddable":true,"href":"https:\/\/serveiseducatius.xtec.cat\/bdrlectura\/wp-json\/wp\/v2\/users\/1"}],"replies":[{"embeddable":true,"href":"https:\/\/serveiseducatius.xtec.cat\/bdrlectura\/wp-json\/wp\/v2\/comments?post=13822"}],"version-history":[{"count":3,"href":"https:\/\/serveiseducatius.xtec.cat\/bdrlectura\/wp-json\/wp\/v2\/posts\/13822\/revisions"}],"predecessor-version":[{"id":15043,"href":"https:\/\/serveiseducatius.xtec.cat\/bdrlectura\/wp-json\/wp\/v2\/posts\/13822\/revisions\/15043"}],"wp:featuredmedia":[{"embeddable":true,"href":"https:\/\/serveiseducatius.xtec.cat\/bdrlectura\/wp-json\/wp\/v2\/media\/13823"}],"wp:attachment":[{"href":"https:\/\/serveiseducatius.xtec.cat\/bdrlectura\/wp-json\/wp\/v2\/media?parent=13822"}],"wp:term":[{"taxonomy":"category","embeddable":true,"href":"https:\/\/serveiseducatius.xtec.cat\/bdrlectura\/wp-json\/wp\/v2\/categories?post=13822"},{"taxonomy":"post_tag","embeddable":true,"href":"https:\/\/serveiseducatius.xtec.cat\/bdrlectura\/wp-json\/wp\/v2\/tags?post=13822"}],"curies":[{"name":"wp","href":"https:\/\/api.w.org\/{rel}","templated":true}]}}