{"id":13285,"date":"2018-05-22T11:26:09","date_gmt":"2018-05-22T09:26:09","guid":{"rendered":"http:\/\/serveiseducatius.xtec.cat\/bdrlectura\/?p=13285"},"modified":"2019-03-13T18:40:03","modified_gmt":"2019-03-13T17:40:03","slug":"us-imagineu-una-biblioteca-escolar","status":"publish","type":"post","link":"https:\/\/serveiseducatius.xtec.cat\/bdrlectura\/dinamitzacio-de-la-be\/us-imagineu-una-biblioteca-escolar\/","title":{"rendered":"Us imagineu una Biblioteca Escolar&#8230;"},"content":{"rendered":"<h5><img loading=\"lazy\" decoding=\"async\" class=\"alignleft wp-image-13286 size-full\" src=\"http:\/\/serveiseducatius.xtec.cat\/bdrlectura\/wp-content\/uploads\/usu1339\/2018\/05\/Us_imahineu_BE.jpg\" alt=\"\" width=\"210\" height=\"140\" \/><a href=\"http:\/\/www.fbofill.cat\/publicacions\/us-imagineu-una-be-com-agent-de-revolucio-educativa\" target=\"_blank\" rel=\"noopener noreferrer\">Us imagineu una Biblioteca Escolar&#8230;<\/a><\/h5>\n<p>Recull d&#8217;idees i pr\u00e0ctiques inspiradores de nous usos de la biblioteca escolar vinculats als reptes que proposa la crida <a href=\"http:\/\/www.fbofill.cat\/projectes\/bibliorevolucio\" target=\"_blank\" rel=\"noopener noreferrer\">Biblio(r)Evoluci\u00f3<\/a>: revoluci\u00f3 educativa, cohesi\u00f3 i participaci\u00f3 de la comunitat educativa, dinamitzaci\u00f3 cultural, laboratori per liderar un centre lector, i acc\u00e9s i participaci\u00f3 activa a la cultura digital.<\/p>\n","protected":false},"excerpt":{"rendered":"<p><a href=\"http:\/\/www.fbofill.cat\/publicacions\/us-imagineu-una-be-com-agent-de-revolucio-educativa\" target=\"_blank\" rel=\"noopener noreferrer\">Us imagineu una Biblioteca Escolar&#8230;<\/a><br \/>\nRecull d&#8217;idees i pr\u00e0ctiques inspiradores de nous usos de la biblioteca escolar vinculats als reptes que proposa la crida <a href=\"http:\/\/www.fbofill.cat\/projectes\/bibliorevolucio\" target=\"_blank\" rel=\"noopener noreferrer\">Biblio(r)Evoluci\u00f3<\/a>: revoluci\u00f3 educativa, cohesi\u00f3 i participaci\u00f3 de la comunitat educativa, dinamitzaci\u00f3 cultural, laboratori per&hellip;  <a href=\"https:\/\/serveiseducatius.xtec.cat\/bdrlectura\/dinamitzacio-de-la-be\/us-imagineu-una-biblioteca-escolar\/\" title=\"Read Us imagineu una Biblioteca Escolar&#8230;\">Llegeix m\u00e9s\u00bb<\/a><\/p>\n","protected":false},"author":1,"featured_media":0,"comment_status":"open","ping_status":"closed","sticky":false,"template":"","format":"standard","meta":{"_bbp_topic_count":0,"_bbp_reply_count":0,"_bbp_total_topic_count":0,"_bbp_total_reply_count":0,"_bbp_voice_count":0,"_bbp_anonymous_reply_count":0,"_bbp_topic_count_hidden":0,"_bbp_reply_count_hidden":0,"_bbp_forum_subforum_count":0,"footnotes":""},"categories":[360],"tags":[606,497,524,387],"class_list":["post-13285","post","type-post","status-publish","format-standard","hentry","category-dinamitzacio-de-la-be","tag-acces-a-la-informacio","tag-biblioteca-escolar","tag-comunicacio","tag-dinamitzacio-de-la-lectura"],"post_mailing_queue_ids":[],"_links":{"self":[{"href":"https:\/\/serveiseducatius.xtec.cat\/bdrlectura\/wp-json\/wp\/v2\/posts\/13285","targetHints":{"allow":["GET"]}}],"collection":[{"href":"https:\/\/serveiseducatius.xtec.cat\/bdrlectura\/wp-json\/wp\/v2\/posts"}],"about":[{"href":"https:\/\/serveiseducatius.xtec.cat\/bdrlectura\/wp-json\/wp\/v2\/types\/post"}],"author":[{"embeddable":true,"href":"https:\/\/serveiseducatius.xtec.cat\/bdrlectura\/wp-json\/wp\/v2\/users\/1"}],"replies":[{"embeddable":true,"href":"https:\/\/serveiseducatius.xtec.cat\/bdrlectura\/wp-json\/wp\/v2\/comments?post=13285"}],"version-history":[{"count":3,"href":"https:\/\/serveiseducatius.xtec.cat\/bdrlectura\/wp-json\/wp\/v2\/posts\/13285\/revisions"}],"predecessor-version":[{"id":13290,"href":"https:\/\/serveiseducatius.xtec.cat\/bdrlectura\/wp-json\/wp\/v2\/posts\/13285\/revisions\/13290"}],"wp:attachment":[{"href":"https:\/\/serveiseducatius.xtec.cat\/bdrlectura\/wp-json\/wp\/v2\/media?parent=13285"}],"wp:term":[{"taxonomy":"category","embeddable":true,"href":"https:\/\/serveiseducatius.xtec.cat\/bdrlectura\/wp-json\/wp\/v2\/categories?post=13285"},{"taxonomy":"post_tag","embeddable":true,"href":"https:\/\/serveiseducatius.xtec.cat\/bdrlectura\/wp-json\/wp\/v2\/tags?post=13285"}],"curies":[{"name":"wp","href":"https:\/\/api.w.org\/{rel}","templated":true}]}}