{"id":13210,"date":"2018-04-19T13:24:14","date_gmt":"2018-04-19T11:24:14","guid":{"rendered":"http:\/\/serveiseducatius.xtec.cat\/bdrlectura\/?p=13210"},"modified":"2019-03-13T18:56:25","modified_gmt":"2019-03-13T17:56:25","slug":"tres-mestres-de-lalbum-illustrat-lionni-sendak-ungerer","status":"publish","type":"post","link":"https:\/\/serveiseducatius.xtec.cat\/bdrlectura\/maletes-tematiques\/tres-mestres-de-lalbum-illustrat-lionni-sendak-ungerer\/","title":{"rendered":"Tres mestres de l&#8217;\u00e0lbum il\u00b7lustrat: Lionni &#8211; Sendak &#8211; Ungerer"},"content":{"rendered":"<h5><a href=\"http:\/\/serveiseducatius.xtec.cat\/baixllobregat6\/portada\/tres-mestres-de-lalbum-illustrat-lionni-sendak-ungerer\/\" target=\"_blank\" rel=\"noopener noreferrer\">Tres mestres de l&#8217;\u00e0lbum il\u00b7lustrat: Lionni &#8211; Sendak &#8211; Ungerer<\/a><img loading=\"lazy\" decoding=\"async\" class=\"wp-image-13211 size-full alignleft\" src=\"http:\/\/serveiseducatius.xtec.cat\/bdrlectura\/wp-content\/uploads\/usu1339\/2018\/04\/MaletaLionniSendakUngerer1.png\" alt=\"\" width=\"210\" height=\"140\" \/><\/h5>\n<p>Bibliomaleta dedicada a tres dels grans referents de l&#8217;\u00e0lbum il\u00b7lustrat: Leo Lionni, Maurice Sendak i Tomi Ungerer. L&#8217;objectiu de la maleta \u00e9s que l&#8217;alumnat conegui quina ha estat l&#8217;evoluci\u00f3 pl\u00e0stica i conceptual de la seva obra i, paral\u00b7lelament, puguin comparar-ne el discurs que s&#8217;hi destil\u00b7la.\u00a0<a href=\"http:\/\/serveiseducatius.xtec.cat\/baixllobregat6\/\" target=\"_blank\" rel=\"noopener noreferrer\">CRP Baix Llobregat-6<\/a><\/p>\n","protected":false},"excerpt":{"rendered":"<p><a href=\"http:\/\/serveiseducatius.xtec.cat\/baixllobregat6\/portada\/tres-mestres-de-lalbum-illustrat-lionni-sendak-ungerer\/\" target=\"_blank\" rel=\"noopener noreferrer\">Tres mestres de l&#8217;\u00e0lbum il\u00b7lustrat: Lionni &#8211; Sendak &#8211; Ungerer<\/a><br \/>\nBibliomaleta dedicada a tres dels grans referents de l&#8217;\u00e0lbum il\u00b7lustrat: Leo Lionni, Maurice Sendak i Tomi Ungerer. L&#8217;objectiu de la maleta \u00e9s que l&#8217;alumnat conegui quina ha estat l&#8217;evoluci\u00f3 pl\u00e0stica i conceptual&hellip;  <a href=\"https:\/\/serveiseducatius.xtec.cat\/bdrlectura\/maletes-tematiques\/tres-mestres-de-lalbum-illustrat-lionni-sendak-ungerer\/\" title=\"Read Tres mestres de l&#8217;\u00e0lbum il\u00b7lustrat: Lionni &#8211; Sendak &#8211; Ungerer\">Llegeix m\u00e9s\u00bb<\/a><\/p>\n","protected":false},"author":1,"featured_media":13211,"comment_status":"open","ping_status":"closed","sticky":false,"template":"","format":"standard","meta":{"_bbp_topic_count":0,"_bbp_reply_count":0,"_bbp_total_topic_count":0,"_bbp_total_reply_count":0,"_bbp_voice_count":0,"_bbp_anonymous_reply_count":0,"_bbp_topic_count_hidden":0,"_bbp_reply_count_hidden":0,"_bbp_forum_subforum_count":0,"footnotes":""},"categories":[456,421],"tags":[428,378,423,740,759,622,490],"class_list":["post-13210","post","type-post","status-publish","format-standard","has-post-thumbnail","hentry","category-album-illustrat","category-maletes-tematiques","tag-album-illustrat","tag-animacio-de-la-lectura","tag-bibliomaleta","tag-cicle-inicial","tag-cicle-mitja","tag-educacio-infantil","tag-lectura-compartida"],"post_mailing_queue_ids":[],"_links":{"self":[{"href":"https:\/\/serveiseducatius.xtec.cat\/bdrlectura\/wp-json\/wp\/v2\/posts\/13210","targetHints":{"allow":["GET"]}}],"collection":[{"href":"https:\/\/serveiseducatius.xtec.cat\/bdrlectura\/wp-json\/wp\/v2\/posts"}],"about":[{"href":"https:\/\/serveiseducatius.xtec.cat\/bdrlectura\/wp-json\/wp\/v2\/types\/post"}],"author":[{"embeddable":true,"href":"https:\/\/serveiseducatius.xtec.cat\/bdrlectura\/wp-json\/wp\/v2\/users\/1"}],"replies":[{"embeddable":true,"href":"https:\/\/serveiseducatius.xtec.cat\/bdrlectura\/wp-json\/wp\/v2\/comments?post=13210"}],"version-history":[{"count":1,"href":"https:\/\/serveiseducatius.xtec.cat\/bdrlectura\/wp-json\/wp\/v2\/posts\/13210\/revisions"}],"predecessor-version":[{"id":13212,"href":"https:\/\/serveiseducatius.xtec.cat\/bdrlectura\/wp-json\/wp\/v2\/posts\/13210\/revisions\/13212"}],"wp:featuredmedia":[{"embeddable":true,"href":"https:\/\/serveiseducatius.xtec.cat\/bdrlectura\/wp-json\/wp\/v2\/media\/13211"}],"wp:attachment":[{"href":"https:\/\/serveiseducatius.xtec.cat\/bdrlectura\/wp-json\/wp\/v2\/media?parent=13210"}],"wp:term":[{"taxonomy":"category","embeddable":true,"href":"https:\/\/serveiseducatius.xtec.cat\/bdrlectura\/wp-json\/wp\/v2\/categories?post=13210"},{"taxonomy":"post_tag","embeddable":true,"href":"https:\/\/serveiseducatius.xtec.cat\/bdrlectura\/wp-json\/wp\/v2\/tags?post=13210"}],"curies":[{"name":"wp","href":"https:\/\/api.w.org\/{rel}","templated":true}]}}