{"id":13009,"date":"2018-02-13T13:42:58","date_gmt":"2018-02-13T12:42:58","guid":{"rendered":"http:\/\/serveiseducatius.xtec.cat\/bdrlectura\/?p=13009"},"modified":"2018-07-12T12:11:24","modified_gmt":"2018-07-12T10:11:24","slug":"la-hora-del-cuento-en-las-bibliotecas-claves-para-su-organizacion","status":"publish","type":"post","link":"https:\/\/serveiseducatius.xtec.cat\/bdrlectura\/contes-i-narracions\/la-hora-del-cuento-en-las-bibliotecas-claves-para-su-organizacion\/","title":{"rendered":"La hora del cuento en las bibliotecas. Claves para su organizaci\u00f3n"},"content":{"rendered":"<h5><img loading=\"lazy\" decoding=\"async\" class=\"size-full wp-image-13010 alignleft\" src=\"http:\/\/serveiseducatius.xtec.cat\/bdrlectura\/wp-content\/uploads\/usu1339\/2018\/02\/thumb_horaconte.jpg\" alt=\"\" width=\"210\" height=\"140\" \/><a href=\"http:\/\/www.editorialuoc.cat\/la-hora-del-cuento-en-las-bibliotecas\" target=\"_blank\" rel=\"noopener noreferrer\">La hora del cuento en las bibliotecas. Claves para su organizaci\u00f3n<\/a><\/h5>\n<p>L&#8217;hora del conte s&#8217;ha convertit en una de les activitats de dinamitzaci\u00f3 m\u00e9s populars a les biblioteques escolars i p\u00fabliques. En aquest llibre publicat per Ediuoc, l&#8217;autor, Joan de Boer, dona orientacions sobre aspectes clau per a la seva organitzaci\u00f3 i fer-ne una activitat d&#8217;\u00e8xit.<\/p>\n","protected":false},"excerpt":{"rendered":"<p><a href=\"http:\/\/www.editorialuoc.cat\/la-hora-del-cuento-en-las-bibliotecas\" target=\"_blank\" rel=\"noopener noreferrer\">La hora del cuento en las bibliotecas. Claves para su organizaci\u00f3n<\/a><br \/>\nL&#8217;hora del conte s&#8217;ha convertit en una de les activitats de dinamitzaci\u00f3 m\u00e9s populars a les biblioteques escolars i p\u00fabliques. En aquest llibre publicat per Ediuoc, l&#8217;autor, Joan de Boer, dona&hellip;  <a href=\"https:\/\/serveiseducatius.xtec.cat\/bdrlectura\/contes-i-narracions\/la-hora-del-cuento-en-las-bibliotecas-claves-para-su-organizacion\/\" title=\"Read La hora del cuento en las bibliotecas. Claves para su organizaci\u00f3n\">Llegeix m\u00e9s\u00bb<\/a><\/p>\n","protected":false},"author":1,"featured_media":13010,"comment_status":"open","ping_status":"closed","sticky":false,"template":"","format":"standard","meta":{"_bbp_topic_count":0,"_bbp_reply_count":0,"_bbp_total_topic_count":0,"_bbp_total_reply_count":0,"_bbp_voice_count":0,"_bbp_anonymous_reply_count":0,"_bbp_topic_count_hidden":0,"_bbp_reply_count_hidden":0,"_bbp_forum_subforum_count":0,"footnotes":""},"categories":[458],"tags":[394,497,384,387],"class_list":["post-13009","post","type-post","status-publish","format-standard","has-post-thumbnail","hentry","category-contes-i-narracions","tag-activitats-be","tag-biblioteca-escolar","tag-contes-i-narracions","tag-dinamitzacio-de-la-lectura"],"post_mailing_queue_ids":[],"_links":{"self":[{"href":"https:\/\/serveiseducatius.xtec.cat\/bdrlectura\/wp-json\/wp\/v2\/posts\/13009","targetHints":{"allow":["GET"]}}],"collection":[{"href":"https:\/\/serveiseducatius.xtec.cat\/bdrlectura\/wp-json\/wp\/v2\/posts"}],"about":[{"href":"https:\/\/serveiseducatius.xtec.cat\/bdrlectura\/wp-json\/wp\/v2\/types\/post"}],"author":[{"embeddable":true,"href":"https:\/\/serveiseducatius.xtec.cat\/bdrlectura\/wp-json\/wp\/v2\/users\/1"}],"replies":[{"embeddable":true,"href":"https:\/\/serveiseducatius.xtec.cat\/bdrlectura\/wp-json\/wp\/v2\/comments?post=13009"}],"version-history":[{"count":1,"href":"https:\/\/serveiseducatius.xtec.cat\/bdrlectura\/wp-json\/wp\/v2\/posts\/13009\/revisions"}],"predecessor-version":[{"id":13011,"href":"https:\/\/serveiseducatius.xtec.cat\/bdrlectura\/wp-json\/wp\/v2\/posts\/13009\/revisions\/13011"}],"wp:featuredmedia":[{"embeddable":true,"href":"https:\/\/serveiseducatius.xtec.cat\/bdrlectura\/wp-json\/wp\/v2\/media\/13010"}],"wp:attachment":[{"href":"https:\/\/serveiseducatius.xtec.cat\/bdrlectura\/wp-json\/wp\/v2\/media?parent=13009"}],"wp:term":[{"taxonomy":"category","embeddable":true,"href":"https:\/\/serveiseducatius.xtec.cat\/bdrlectura\/wp-json\/wp\/v2\/categories?post=13009"},{"taxonomy":"post_tag","embeddable":true,"href":"https:\/\/serveiseducatius.xtec.cat\/bdrlectura\/wp-json\/wp\/v2\/tags?post=13009"}],"curies":[{"name":"wp","href":"https:\/\/api.w.org\/{rel}","templated":true}]}}