{"id":12945,"date":"2018-01-27T10:45:32","date_gmt":"2018-01-27T09:45:32","guid":{"rendered":"http:\/\/serveiseducatius.xtec.cat\/bdrlectura\/?p=12945"},"modified":"2018-09-05T11:25:58","modified_gmt":"2018-09-05T09:25:58","slug":"lectoescritura-fundamentos-y-estrategias-didacticas","status":"publish","type":"post","link":"https:\/\/serveiseducatius.xtec.cat\/bdrlectura\/aprenentatge-inicial-de-la-lectura\/lectoescritura-fundamentos-y-estrategias-didacticas\/","title":{"rendered":"Lectoescritura. Fundamentos y estrategias did\u00e1cticas"},"content":{"rendered":"<h5><img loading=\"lazy\" decoding=\"async\" class=\"wp-image-12946 alignleft\" src=\"http:\/\/serveiseducatius.xtec.cat\/bdrlectura\/wp-content\/uploads\/usu1339\/2018\/01\/sintesis5.jpg\" alt=\"\" width=\"210\" height=\"138\" srcset=\"https:\/\/serveiseducatius.xtec.cat\/bdrlectura\/wp-content\/uploads\/usu1339\/2018\/01\/sintesis5.jpg 670w, https:\/\/serveiseducatius.xtec.cat\/bdrlectura\/wp-content\/uploads\/usu1339\/2018\/01\/sintesis5-300x197.jpg 300w\" sizes=\"auto, (max-width: 210px) 100vw, 210px\" \/><a href=\"https:\/\/www.sintesis.com\/didacticas-recursos-y-aprendizaje-223\/lectoescritura-fundamentos-y-estrategias-didacticas-ebook-2024.html\" target=\"_blank\" rel=\"noopener noreferrer\">Lectoescritura. Fundamentos y estrategias did\u00e1cticas<\/a><\/h5>\n<p>Obra coordinada per M. Paz Lebrero Baena i M. Dolores Fern\u00e1ndez P\u00e9rez, que aporta una completa visi\u00f3 de la fonamentaci\u00f3 en els \u00e0mbits neurol\u00f2gic, psicol\u00f2gic, ling\u00fc\u00edstic i did\u00e0ctic sobre els processos lectoescriptors, aix\u00ed com estrat\u00e8gies pr\u00e0ctiques per a l&#8217;ensenyament de la lectura i l&#8217;escriptura a l&#8217;aula.<\/p>\n","protected":false},"excerpt":{"rendered":"<p><a href=\"https:\/\/www.sintesis.com\/didacticas-recursos-y-aprendizaje-223\/lectoescritura-fundamentos-y-estrategias-didacticas-ebook-2024.html\" target=\"_blank\" rel=\"noopener noreferrer\">Lectoescritura. Fundamentos y estrategias did\u00e1cticas<\/a><br \/>\nObra coordinada per M. Paz Lebrero Baena i M. Dolores Fern\u00e1ndez P\u00e9rez, que aporta una completa visi\u00f3 de la fonamentaci\u00f3 en els \u00e0mbits neurol\u00f2gic, psicol\u00f2gic, ling\u00fc\u00edstic i did\u00e0ctic sobre els processos lectoescriptors, aix\u00ed com estrat\u00e8gies pr\u00e0ctiques per&hellip;  <a href=\"https:\/\/serveiseducatius.xtec.cat\/bdrlectura\/aprenentatge-inicial-de-la-lectura\/lectoescritura-fundamentos-y-estrategias-didacticas\/\" title=\"Read Lectoescritura. Fundamentos y estrategias did\u00e1cticas\">Llegeix m\u00e9s\u00bb<\/a><\/p>\n","protected":false},"author":1,"featured_media":0,"comment_status":"open","ping_status":"closed","sticky":false,"template":"","format":"standard","meta":{"_bbp_topic_count":0,"_bbp_reply_count":0,"_bbp_total_topic_count":0,"_bbp_total_reply_count":0,"_bbp_voice_count":0,"_bbp_anonymous_reply_count":0,"_bbp_topic_count_hidden":0,"_bbp_reply_count_hidden":0,"_bbp_forum_subforum_count":0,"footnotes":""},"categories":[300],"tags":[581,582,694,622,511,493,749],"class_list":["post-12945","post","type-post","status-publish","format-standard","hentry","category-aprenentatge-inicial-de-la-lectura","tag-competencia-lectora","tag-comprensio-lectora","tag-dimensio-comprensio-lectora","tag-educacio-infantil","tag-educacio-primaria","tag-expressio-escrita","tag-lectoescriptura"],"post_mailing_queue_ids":[],"_links":{"self":[{"href":"https:\/\/serveiseducatius.xtec.cat\/bdrlectura\/wp-json\/wp\/v2\/posts\/12945","targetHints":{"allow":["GET"]}}],"collection":[{"href":"https:\/\/serveiseducatius.xtec.cat\/bdrlectura\/wp-json\/wp\/v2\/posts"}],"about":[{"href":"https:\/\/serveiseducatius.xtec.cat\/bdrlectura\/wp-json\/wp\/v2\/types\/post"}],"author":[{"embeddable":true,"href":"https:\/\/serveiseducatius.xtec.cat\/bdrlectura\/wp-json\/wp\/v2\/users\/1"}],"replies":[{"embeddable":true,"href":"https:\/\/serveiseducatius.xtec.cat\/bdrlectura\/wp-json\/wp\/v2\/comments?post=12945"}],"version-history":[{"count":2,"href":"https:\/\/serveiseducatius.xtec.cat\/bdrlectura\/wp-json\/wp\/v2\/posts\/12945\/revisions"}],"predecessor-version":[{"id":12963,"href":"https:\/\/serveiseducatius.xtec.cat\/bdrlectura\/wp-json\/wp\/v2\/posts\/12945\/revisions\/12963"}],"wp:attachment":[{"href":"https:\/\/serveiseducatius.xtec.cat\/bdrlectura\/wp-json\/wp\/v2\/media?parent=12945"}],"wp:term":[{"taxonomy":"category","embeddable":true,"href":"https:\/\/serveiseducatius.xtec.cat\/bdrlectura\/wp-json\/wp\/v2\/categories?post=12945"},{"taxonomy":"post_tag","embeddable":true,"href":"https:\/\/serveiseducatius.xtec.cat\/bdrlectura\/wp-json\/wp\/v2\/tags?post=12945"}],"curies":[{"name":"wp","href":"https:\/\/api.w.org\/{rel}","templated":true}]}}