{"id":12942,"date":"2018-01-27T10:40:57","date_gmt":"2018-01-27T09:40:57","guid":{"rendered":"http:\/\/serveiseducatius.xtec.cat\/bdrlectura\/?p=12942"},"modified":"2018-07-13T11:09:26","modified_gmt":"2018-07-13T09:09:26","slug":"didactica-de-la-lengua-y-la-literatura-en-eso-innovacion-e-investigacion","status":"publish","type":"post","link":"https:\/\/serveiseducatius.xtec.cat\/bdrlectura\/didactica-de-la-lectura\/didactica-de-la-lengua-y-la-literatura-en-eso-innovacion-e-investigacion\/","title":{"rendered":"Did\u00e1ctica de la lengua y la literatura en ESO, innovaci\u00f3n e investigac\u00ed\u00f3n"},"content":{"rendered":"<h5><img loading=\"lazy\" decoding=\"async\" class=\"size-full wp-image-12943 alignleft\" src=\"http:\/\/serveiseducatius.xtec.cat\/bdrlectura\/wp-content\/uploads\/usu1339\/2018\/01\/sintesis4.jpg\" alt=\"\" width=\"210\" height=\"140\" \/><a href=\"https:\/\/www.sintesis.com\/didacticas-recursos-y-aprendizaje-223\/didactica-de-la-lengua-y-la-literatura-en-eso-innovacion-e-investigacion-ebook-2279.html\" target=\"_blank\" rel=\"noopener noreferrer\">Did\u00e1ctica de la lengua y la literatura en ESO, innovaci\u00f3n e investigac\u00ed\u00f3n<\/a><\/h5>\n<p>Obra d&#8217;Amando L\u00f3pez Valero,\u00a0Eduardo Encabo Fern\u00e1ndez i\u00a0Isabel Jerez Mart\u00ednez on es mostren, des de la perspectiva de l&#8217;educaci\u00f3, aspectes que s\u00f3n claus en el tractament de la llengua i la literatura a l&#8217;aula. Tot partint d&#8217;un enfocament comunicatiu, es proposa als docents un recorregut pels continguts prescriptius.<\/p>\n","protected":false},"excerpt":{"rendered":"<p><a href=\"https:\/\/www.sintesis.com\/didacticas-recursos-y-aprendizaje-223\/didactica-de-la-lengua-y-la-literatura-en-eso-innovacion-e-investigacion-ebook-2279.html\" target=\"_blank\" rel=\"noopener noreferrer\">Did\u00e1ctica de la lengua y la literatura en ESO, innovaci\u00f3n e investigac\u00ed\u00f3n<\/a><br \/>\nObra d&#8217;Amando L\u00f3pez Valero,\u00a0Eduardo Encabo Fern\u00e1ndez i\u00a0Isabel Jerez Mart\u00ednez on es mostren, des de la perspectiva de l&#8217;educaci\u00f3, aspectes que s\u00f3n claus en el tractament de la llengua i la&hellip;  <a href=\"https:\/\/serveiseducatius.xtec.cat\/bdrlectura\/didactica-de-la-lectura\/didactica-de-la-lengua-y-la-literatura-en-eso-innovacion-e-investigacion\/\" title=\"Read Did\u00e1ctica de la lengua y la literatura en ESO, innovaci\u00f3n e investigac\u00ed\u00f3n\">Llegeix m\u00e9s\u00bb<\/a><\/p>\n","protected":false},"author":1,"featured_media":12943,"comment_status":"open","ping_status":"closed","sticky":false,"template":"","format":"standard","meta":{"_bbp_topic_count":0,"_bbp_reply_count":0,"_bbp_total_topic_count":0,"_bbp_total_reply_count":0,"_bbp_voice_count":0,"_bbp_anonymous_reply_count":0,"_bbp_topic_count_hidden":0,"_bbp_reply_count_hidden":0,"_bbp_forum_subforum_count":0,"footnotes":""},"categories":[303],"tags":[496,581,692,582,694,693,449,716],"class_list":["post-12942","post","type-post","status-publish","format-standard","has-post-thumbnail","hentry","category-didactica-de-la-lectura","tag-competencia-comunicativa","tag-competencia-lectora","tag-competencia-linguistica","tag-comprensio-lectora","tag-dimensio-comprensio-lectora","tag-dimensio-literaria","tag-educacio-secundaria","tag-propostes-didactiques"],"post_mailing_queue_ids":[],"_links":{"self":[{"href":"https:\/\/serveiseducatius.xtec.cat\/bdrlectura\/wp-json\/wp\/v2\/posts\/12942","targetHints":{"allow":["GET"]}}],"collection":[{"href":"https:\/\/serveiseducatius.xtec.cat\/bdrlectura\/wp-json\/wp\/v2\/posts"}],"about":[{"href":"https:\/\/serveiseducatius.xtec.cat\/bdrlectura\/wp-json\/wp\/v2\/types\/post"}],"author":[{"embeddable":true,"href":"https:\/\/serveiseducatius.xtec.cat\/bdrlectura\/wp-json\/wp\/v2\/users\/1"}],"replies":[{"embeddable":true,"href":"https:\/\/serveiseducatius.xtec.cat\/bdrlectura\/wp-json\/wp\/v2\/comments?post=12942"}],"version-history":[{"count":3,"href":"https:\/\/serveiseducatius.xtec.cat\/bdrlectura\/wp-json\/wp\/v2\/posts\/12942\/revisions"}],"predecessor-version":[{"id":13626,"href":"https:\/\/serveiseducatius.xtec.cat\/bdrlectura\/wp-json\/wp\/v2\/posts\/12942\/revisions\/13626"}],"wp:featuredmedia":[{"embeddable":true,"href":"https:\/\/serveiseducatius.xtec.cat\/bdrlectura\/wp-json\/wp\/v2\/media\/12943"}],"wp:attachment":[{"href":"https:\/\/serveiseducatius.xtec.cat\/bdrlectura\/wp-json\/wp\/v2\/media?parent=12942"}],"wp:term":[{"taxonomy":"category","embeddable":true,"href":"https:\/\/serveiseducatius.xtec.cat\/bdrlectura\/wp-json\/wp\/v2\/categories?post=12942"},{"taxonomy":"post_tag","embeddable":true,"href":"https:\/\/serveiseducatius.xtec.cat\/bdrlectura\/wp-json\/wp\/v2\/tags?post=12942"}],"curies":[{"name":"wp","href":"https:\/\/api.w.org\/{rel}","templated":true}]}}