{"id":12939,"date":"2018-01-27T10:35:09","date_gmt":"2018-01-27T09:35:09","guid":{"rendered":"http:\/\/serveiseducatius.xtec.cat\/bdrlectura\/?p=12939"},"modified":"2018-07-13T11:08:38","modified_gmt":"2018-07-13T09:08:38","slug":"didactica-de-la-lengua-y-la-literatura-en-educacion-infantil","status":"publish","type":"post","link":"https:\/\/serveiseducatius.xtec.cat\/bdrlectura\/didactica-de-la-lectura\/didactica-de-la-lengua-y-la-literatura-en-educacion-infantil\/","title":{"rendered":"Did\u00e1ctica de la lengua y la literatura en educaci\u00f3n infantil"},"content":{"rendered":"<h5><img loading=\"lazy\" decoding=\"async\" class=\"size-full wp-image-12940 alignleft\" src=\"http:\/\/serveiseducatius.xtec.cat\/bdrlectura\/wp-content\/uploads\/usu1339\/2018\/01\/sintesis3.jpg\" alt=\"\" width=\"210\" height=\"140\" \/><a href=\"https:\/\/www.sintesis.com\/didacticas-recursos-y-aprendizaje-223\/didactica-de-la-lengua-y-la-literatura-en-educacion-infantil-ebook-2219.html\" target=\"_blank\" rel=\"noopener noreferrer\">Did\u00e1ctica de la lengua y la literatura en educaci\u00f3n infantil<\/a><\/h5>\n<p>Aquesta obra, coordinada per Montserrat Fons i Juli Palou, \u00e9s una proposta d&#8217;intervenci\u00f3 did\u00e0ctica en llengua i literatura, en el marc de l&#8217;educaci\u00f3 infantil, basada en tres premises b\u00e0siques: acompanyar, interactuar i reflexionar en cadascuna de les situacions comunicatives que es donen entre docent i discent.<\/p>\n","protected":false},"excerpt":{"rendered":"<p><a href=\"https:\/\/www.sintesis.com\/didacticas-recursos-y-aprendizaje-223\/didactica-de-la-lengua-y-la-literatura-en-educacion-infantil-ebook-2219.html\" target=\"_blank\" rel=\"noopener noreferrer\">Did\u00e1ctica de la lengua y la literatura en educaci\u00f3n infantil<\/a><br \/>\nAquesta obra, coordinada per Montserrat Fons i Juli Palou, \u00e9s una proposta d&#8217;intervenci\u00f3 did\u00e0ctica en llengua i literatura, en el marc de l&#8217;educaci\u00f3 infantil, basada en tres premises b\u00e0siques: acompanyar, interactuar i&hellip;  <a href=\"https:\/\/serveiseducatius.xtec.cat\/bdrlectura\/didactica-de-la-lectura\/didactica-de-la-lengua-y-la-literatura-en-educacion-infantil\/\" title=\"Read Did\u00e1ctica de la lengua y la literatura en educaci\u00f3n infantil\">Llegeix m\u00e9s\u00bb<\/a><\/p>\n","protected":false},"author":1,"featured_media":12940,"comment_status":"open","ping_status":"closed","sticky":false,"template":"","format":"standard","meta":{"_bbp_topic_count":0,"_bbp_reply_count":0,"_bbp_total_topic_count":0,"_bbp_total_reply_count":0,"_bbp_voice_count":0,"_bbp_anonymous_reply_count":0,"_bbp_topic_count_hidden":0,"_bbp_reply_count_hidden":0,"_bbp_forum_subforum_count":0,"footnotes":""},"categories":[303],"tags":[445,496,581,582,694,693,622,716],"class_list":["post-12939","post","type-post","status-publish","format-standard","has-post-thumbnail","hentry","category-didactica-de-la-lectura","tag-aprenentatge-de-la-llengua","tag-competencia-comunicativa","tag-competencia-lectora","tag-comprensio-lectora","tag-dimensio-comprensio-lectora","tag-dimensio-literaria","tag-educacio-infantil","tag-propostes-didactiques"],"post_mailing_queue_ids":[],"_links":{"self":[{"href":"https:\/\/serveiseducatius.xtec.cat\/bdrlectura\/wp-json\/wp\/v2\/posts\/12939","targetHints":{"allow":["GET"]}}],"collection":[{"href":"https:\/\/serveiseducatius.xtec.cat\/bdrlectura\/wp-json\/wp\/v2\/posts"}],"about":[{"href":"https:\/\/serveiseducatius.xtec.cat\/bdrlectura\/wp-json\/wp\/v2\/types\/post"}],"author":[{"embeddable":true,"href":"https:\/\/serveiseducatius.xtec.cat\/bdrlectura\/wp-json\/wp\/v2\/users\/1"}],"replies":[{"embeddable":true,"href":"https:\/\/serveiseducatius.xtec.cat\/bdrlectura\/wp-json\/wp\/v2\/comments?post=12939"}],"version-history":[{"count":3,"href":"https:\/\/serveiseducatius.xtec.cat\/bdrlectura\/wp-json\/wp\/v2\/posts\/12939\/revisions"}],"predecessor-version":[{"id":12972,"href":"https:\/\/serveiseducatius.xtec.cat\/bdrlectura\/wp-json\/wp\/v2\/posts\/12939\/revisions\/12972"}],"wp:featuredmedia":[{"embeddable":true,"href":"https:\/\/serveiseducatius.xtec.cat\/bdrlectura\/wp-json\/wp\/v2\/media\/12940"}],"wp:attachment":[{"href":"https:\/\/serveiseducatius.xtec.cat\/bdrlectura\/wp-json\/wp\/v2\/media?parent=12939"}],"wp:term":[{"taxonomy":"category","embeddable":true,"href":"https:\/\/serveiseducatius.xtec.cat\/bdrlectura\/wp-json\/wp\/v2\/categories?post=12939"},{"taxonomy":"post_tag","embeddable":true,"href":"https:\/\/serveiseducatius.xtec.cat\/bdrlectura\/wp-json\/wp\/v2\/tags?post=12939"}],"curies":[{"name":"wp","href":"https:\/\/api.w.org\/{rel}","templated":true}]}}