{"id":12936,"date":"2018-01-27T10:29:24","date_gmt":"2018-01-27T09:29:24","guid":{"rendered":"http:\/\/serveiseducatius.xtec.cat\/bdrlectura\/?p=12936"},"modified":"2018-07-13T11:08:02","modified_gmt":"2018-07-13T09:08:02","slug":"didactica-de-la-lengua-y-la-literatura-en-educacion-primaria","status":"publish","type":"post","link":"https:\/\/serveiseducatius.xtec.cat\/bdrlectura\/didactica-de-la-lectura\/didactica-de-la-lengua-y-la-literatura-en-educacion-primaria\/","title":{"rendered":"Did\u00e1ctica de la lengua y la literatura en educaci\u00f3n prim\u00e0ria"},"content":{"rendered":"<h5><img loading=\"lazy\" decoding=\"async\" class=\"size-full wp-image-12937 alignleft\" src=\"http:\/\/serveiseducatius.xtec.cat\/bdrlectura\/wp-content\/uploads\/usu1339\/2018\/01\/sintesis2.jpg\" alt=\"\" width=\"210\" height=\"140\" \/><a href=\"https:\/\/www.sintesis.com\/didacticas-recursos-y-aprendizaje-223\/didactica-de-la-lengua-y-la-literatura-en-educacion-primaria-ebook-2220.html\" target=\"_blank\" rel=\"noopener noreferrer\">Did\u00e1ctica de la lengua y la literatura en educaci\u00f3n prim\u00e0ria<\/a><\/h5>\n<p>Els continguts d&#8217;aquesta obra, coordinada per Montserrat Fons i Juli Palou, es presenten tenint en compte l&#8217;aprenentatge basat en l&#8217;estudi de casos, la resoluci\u00f3 de problemes i la pr\u00e0ctica reflexiva. De les experi\u00e8ncies presentades, s&#8217;analitzen els aspectes que s\u00f3n rellevants en els processos d&#8217;ensenyament i aprenentatge.<\/p>\n","protected":false},"excerpt":{"rendered":"<p><a href=\"https:\/\/www.sintesis.com\/didacticas-recursos-y-aprendizaje-223\/didactica-de-la-lengua-y-la-literatura-en-educacion-primaria-ebook-2220.html\" target=\"_blank\" rel=\"noopener noreferrer\">Did\u00e1ctica de la lengua y la literatura en educaci\u00f3n prim\u00e0ria<\/a><br \/>\nEls continguts d&#8217;aquesta obra, coordinada per Montserrat Fons i Juli Palou, es presenten tenint en compte l&#8217;aprenentatge basat en l&#8217;estudi de casos, la resoluci\u00f3 de problemes i la pr\u00e0ctica reflexiva. De les&hellip;  <a href=\"https:\/\/serveiseducatius.xtec.cat\/bdrlectura\/didactica-de-la-lectura\/didactica-de-la-lengua-y-la-literatura-en-educacion-primaria\/\" title=\"Read Did\u00e1ctica de la lengua y la literatura en educaci\u00f3n prim\u00e0ria\">Llegeix m\u00e9s\u00bb<\/a><\/p>\n","protected":false},"author":1,"featured_media":12937,"comment_status":"open","ping_status":"closed","sticky":false,"template":"","format":"standard","meta":{"_bbp_topic_count":0,"_bbp_reply_count":0,"_bbp_total_topic_count":0,"_bbp_total_reply_count":0,"_bbp_voice_count":0,"_bbp_anonymous_reply_count":0,"_bbp_topic_count_hidden":0,"_bbp_reply_count_hidden":0,"_bbp_forum_subforum_count":0,"footnotes":""},"categories":[303],"tags":[445,581,582,694,693,511,716],"class_list":["post-12936","post","type-post","status-publish","format-standard","has-post-thumbnail","hentry","category-didactica-de-la-lectura","tag-aprenentatge-de-la-llengua","tag-competencia-lectora","tag-comprensio-lectora","tag-dimensio-comprensio-lectora","tag-dimensio-literaria","tag-educacio-primaria","tag-propostes-didactiques"],"post_mailing_queue_ids":[],"_links":{"self":[{"href":"https:\/\/serveiseducatius.xtec.cat\/bdrlectura\/wp-json\/wp\/v2\/posts\/12936","targetHints":{"allow":["GET"]}}],"collection":[{"href":"https:\/\/serveiseducatius.xtec.cat\/bdrlectura\/wp-json\/wp\/v2\/posts"}],"about":[{"href":"https:\/\/serveiseducatius.xtec.cat\/bdrlectura\/wp-json\/wp\/v2\/types\/post"}],"author":[{"embeddable":true,"href":"https:\/\/serveiseducatius.xtec.cat\/bdrlectura\/wp-json\/wp\/v2\/users\/1"}],"replies":[{"embeddable":true,"href":"https:\/\/serveiseducatius.xtec.cat\/bdrlectura\/wp-json\/wp\/v2\/comments?post=12936"}],"version-history":[{"count":3,"href":"https:\/\/serveiseducatius.xtec.cat\/bdrlectura\/wp-json\/wp\/v2\/posts\/12936\/revisions"}],"predecessor-version":[{"id":12976,"href":"https:\/\/serveiseducatius.xtec.cat\/bdrlectura\/wp-json\/wp\/v2\/posts\/12936\/revisions\/12976"}],"wp:featuredmedia":[{"embeddable":true,"href":"https:\/\/serveiseducatius.xtec.cat\/bdrlectura\/wp-json\/wp\/v2\/media\/12937"}],"wp:attachment":[{"href":"https:\/\/serveiseducatius.xtec.cat\/bdrlectura\/wp-json\/wp\/v2\/media?parent=12936"}],"wp:term":[{"taxonomy":"category","embeddable":true,"href":"https:\/\/serveiseducatius.xtec.cat\/bdrlectura\/wp-json\/wp\/v2\/categories?post=12936"},{"taxonomy":"post_tag","embeddable":true,"href":"https:\/\/serveiseducatius.xtec.cat\/bdrlectura\/wp-json\/wp\/v2\/tags?post=12936"}],"curies":[{"name":"wp","href":"https:\/\/api.w.org\/{rel}","templated":true}]}}