{"id":12901,"date":"2018-09-05T10:50:42","date_gmt":"2018-09-05T08:50:42","guid":{"rendered":"http:\/\/serveiseducatius.xtec.cat\/bdrlectura\/?p=12901"},"modified":"2023-01-19T11:32:43","modified_gmt":"2023-01-19T10:32:43","slug":"educacion-literaria-y-artistica-conflictos-sociales-y-belicos","status":"publish","type":"post","link":"https:\/\/serveiseducatius.xtec.cat\/bdrlectura\/criteris-i-orientacions-ld\/educacion-literaria-y-artistica-conflictos-sociales-y-belicos\/","title":{"rendered":"La lectura entre el paper i les pantalles"},"content":{"rendered":"<h5><img loading=\"lazy\" decoding=\"async\" class=\"wp-image-13669 size-full alignleft\" src=\"http:\/\/serveiseducatius.xtec.cat\/bdrlectura\/wp-content\/uploads\/usu1339\/2018\/01\/lectura_pantalles.jpg\" alt=\"\" width=\"210\" height=\"140\" \/><a href=\"https:\/\/aladi.diba.cat\/search*cat\/?searchtype=X&amp;searcharg=la+lectura+entre+el+paper+i+les+pantalles&amp;searchscope=171&amp;submit=Cercar\" target=\"_blank\" rel=\"noopener\">La lectura entre el paper i les pantalles<\/a><\/h5>\n<p><a href=\"http:\/\/www.gemmalluch.com\/\" target=\"_blank\" rel=\"noopener noreferrer\">Gemma Lluch<\/a>, professora de la UV, analitza en aquest llibre d\u2019Eumo Editorial com les pantalles i Internet han canviat les regles del joc en la lectura i l\u2019ecosistema que l\u2019envolta: lectura i identitat, pol\u00edtiques de promoci\u00f3, formats de lectura, influ\u00e8ncia de l\u2019audiovisual&#8230;<\/p>\n","protected":false},"excerpt":{"rendered":"<p><a href=\"https:\/\/aladi.diba.cat\/search*cat\/?searchtype=X&amp;searcharg=la+lectura+entre+el+paper+i+les+pantalles&amp;searchscope=171&amp;submit=Cercar\" target=\"_blank\" rel=\"noopener\">La lectura entre el paper i les pantalles<\/a><br \/>\n<a href=\"http:\/\/www.gemmalluch.com\/\" target=\"_blank\" rel=\"noopener noreferrer\">Gemma Lluch<\/a>, professora de la UV, analitza en aquest llibre d\u2019Eumo Editorial com les pantalles i Internet han canviat les regles del joc en la lectura i l\u2019ecosistema que l\u2019envolta: lectura&hellip;  <a href=\"https:\/\/serveiseducatius.xtec.cat\/bdrlectura\/criteris-i-orientacions-ld\/educacion-literaria-y-artistica-conflictos-sociales-y-belicos\/\" title=\"Read La lectura entre el paper i les pantalles\">Llegeix m\u00e9s\u00bb<\/a><\/p>\n","protected":false},"author":4,"featured_media":0,"comment_status":"open","ping_status":"closed","sticky":false,"template":"","format":"standard","meta":{"_bbp_topic_count":0,"_bbp_reply_count":0,"_bbp_total_topic_count":0,"_bbp_total_reply_count":0,"_bbp_voice_count":0,"_bbp_anonymous_reply_count":0,"_bbp_topic_count_hidden":0,"_bbp_reply_count_hidden":0,"_bbp_forum_subforum_count":0,"footnotes":""},"categories":[351],"tags":[582,523,475],"class_list":["post-12901","post","type-post","status-publish","format-standard","hentry","category-criteris-i-orientacions-ld","tag-comprensio-lectora","tag-lectura-digital","tag-novetats-bibliografiques"],"post_mailing_queue_ids":[],"_links":{"self":[{"href":"https:\/\/serveiseducatius.xtec.cat\/bdrlectura\/wp-json\/wp\/v2\/posts\/12901","targetHints":{"allow":["GET"]}}],"collection":[{"href":"https:\/\/serveiseducatius.xtec.cat\/bdrlectura\/wp-json\/wp\/v2\/posts"}],"about":[{"href":"https:\/\/serveiseducatius.xtec.cat\/bdrlectura\/wp-json\/wp\/v2\/types\/post"}],"author":[{"embeddable":true,"href":"https:\/\/serveiseducatius.xtec.cat\/bdrlectura\/wp-json\/wp\/v2\/users\/4"}],"replies":[{"embeddable":true,"href":"https:\/\/serveiseducatius.xtec.cat\/bdrlectura\/wp-json\/wp\/v2\/comments?post=12901"}],"version-history":[{"count":4,"href":"https:\/\/serveiseducatius.xtec.cat\/bdrlectura\/wp-json\/wp\/v2\/posts\/12901\/revisions"}],"predecessor-version":[{"id":18636,"href":"https:\/\/serveiseducatius.xtec.cat\/bdrlectura\/wp-json\/wp\/v2\/posts\/12901\/revisions\/18636"}],"wp:attachment":[{"href":"https:\/\/serveiseducatius.xtec.cat\/bdrlectura\/wp-json\/wp\/v2\/media?parent=12901"}],"wp:term":[{"taxonomy":"category","embeddable":true,"href":"https:\/\/serveiseducatius.xtec.cat\/bdrlectura\/wp-json\/wp\/v2\/categories?post=12901"},{"taxonomy":"post_tag","embeddable":true,"href":"https:\/\/serveiseducatius.xtec.cat\/bdrlectura\/wp-json\/wp\/v2\/tags?post=12901"}],"curies":[{"name":"wp","href":"https:\/\/api.w.org\/{rel}","templated":true}]}}