{"id":12837,"date":"2018-01-11T12:57:26","date_gmt":"2018-01-11T11:57:26","guid":{"rendered":"http:\/\/serveiseducatius.xtec.cat\/bdrlectura\/?p=12837"},"modified":"2020-05-07T20:52:46","modified_gmt":"2020-05-07T18:52:46","slug":"accions-dacompanyament-en-els-treballs-de-recerca","status":"publish","type":"post","link":"https:\/\/serveiseducatius.xtec.cat\/bdrlectura\/tutorials-de-cerca-i-tractament-de-la-informacio\/accions-dacompanyament-en-els-treballs-de-recerca\/","title":{"rendered":"Accions d\u2019acompanyament en els treballs de recerca"},"content":{"rendered":"<h5><img loading=\"lazy\" decoding=\"async\" class=\"size-full wp-image-12831 alignleft\" src=\"http:\/\/serveiseducatius.xtec.cat\/bdrlectura\/wp-content\/uploads\/usu1339\/2018\/01\/TRBibliomedia.jpg\" alt=\"\" width=\"210\" height=\"140\" \/><a href=\"https:\/\/drive.google.com\/file\/d\/1efuYi-KTKJ4CsIFtb_F1pv7Xr4iiqK4O\/view?usp=sharing\" target=\"_blank\" rel=\"noopener noreferrer\">Accions d\u2019acompanyament en els treballs de recerca<\/a><\/h5>\n<p>Resultat <span class=\"highlight\">de<\/span>l taller <span class=\"highlight\">de<\/span> compet\u00e8ncia informacional adre\u00e7at al professorat <span class=\"highlight\">de<\/span> secund\u00e0ria que es realitz\u00e0 a la <a href=\"https:\/\/grupbibliomedia.blogspot.com.es\/2017\/04\/jornada-bibliomedia-11-de-marc-2017.html\" target=\"_blank\" rel=\"noopener noreferrer\">Jornada <span class=\"highlight\">de<\/span> Bibliom\u00e8dia<\/a>, el mar\u00e7 de 2017,. S&#8217;hi reconeixen les accions que realitzen l&#8217;alumnat, el professorat i la biblioteca en les diferents fases <span class=\"highlight\">de<\/span>l proc\u00e9s.<\/p>\n","protected":false},"excerpt":{"rendered":"<p><a href=\"https:\/\/drive.google.com\/file\/d\/1efuYi-KTKJ4CsIFtb_F1pv7Xr4iiqK4O\/view?usp=sharing\" target=\"_blank\" rel=\"noopener noreferrer\">Accions d\u2019acompanyament en els treballs de recerca<\/a><br \/>\nResultat del taller de compet\u00e8ncia informacional adre\u00e7at al professorat de secund\u00e0ria que es realitz\u00e0 a la <a href=\"https:\/\/grupbibliomedia.blogspot.com.es\/2017\/04\/jornada-bibliomedia-11-de-marc-2017.html\" target=\"_blank\" rel=\"noopener noreferrer\">Jornada de Bibliom\u00e8dia<\/a>, el mar\u00e7 de 2017,. S&#8217;hi reconeixen les accions que realitzen l&#8217;alumnat, el&hellip;  <a href=\"https:\/\/serveiseducatius.xtec.cat\/bdrlectura\/tutorials-de-cerca-i-tractament-de-la-informacio\/accions-dacompanyament-en-els-treballs-de-recerca\/\" title=\"Read Accions d\u2019acompanyament en els treballs de recerca\">Llegeix m\u00e9s\u00bb<\/a><\/p>\n","protected":false},"author":1,"featured_media":12831,"comment_status":"open","ping_status":"closed","sticky":false,"template":"","format":"standard","meta":{"_bbp_topic_count":0,"_bbp_reply_count":0,"_bbp_total_topic_count":0,"_bbp_total_reply_count":0,"_bbp_voice_count":0,"_bbp_anonymous_reply_count":0,"_bbp_topic_count_hidden":0,"_bbp_reply_count_hidden":0,"_bbp_forum_subforum_count":0,"footnotes":""},"categories":[322],"tags":[606,605,608,318,607,398],"class_list":["post-12837","post","type-post","status-publish","format-standard","has-post-thumbnail","hentry","category-tutorials-de-cerca-i-tractament-de-la-informacio","tag-acces-a-la-informacio","tag-cerca-dinformacio","tag-comunicacio-de-la-informacio","tag-gestio-documental","tag-processament-de-la-informacio","tag-treballs-de-recerca"],"post_mailing_queue_ids":[],"_links":{"self":[{"href":"https:\/\/serveiseducatius.xtec.cat\/bdrlectura\/wp-json\/wp\/v2\/posts\/12837","targetHints":{"allow":["GET"]}}],"collection":[{"href":"https:\/\/serveiseducatius.xtec.cat\/bdrlectura\/wp-json\/wp\/v2\/posts"}],"about":[{"href":"https:\/\/serveiseducatius.xtec.cat\/bdrlectura\/wp-json\/wp\/v2\/types\/post"}],"author":[{"embeddable":true,"href":"https:\/\/serveiseducatius.xtec.cat\/bdrlectura\/wp-json\/wp\/v2\/users\/1"}],"replies":[{"embeddable":true,"href":"https:\/\/serveiseducatius.xtec.cat\/bdrlectura\/wp-json\/wp\/v2\/comments?post=12837"}],"version-history":[{"count":3,"href":"https:\/\/serveiseducatius.xtec.cat\/bdrlectura\/wp-json\/wp\/v2\/posts\/12837\/revisions"}],"predecessor-version":[{"id":15572,"href":"https:\/\/serveiseducatius.xtec.cat\/bdrlectura\/wp-json\/wp\/v2\/posts\/12837\/revisions\/15572"}],"wp:featuredmedia":[{"embeddable":true,"href":"https:\/\/serveiseducatius.xtec.cat\/bdrlectura\/wp-json\/wp\/v2\/media\/12831"}],"wp:attachment":[{"href":"https:\/\/serveiseducatius.xtec.cat\/bdrlectura\/wp-json\/wp\/v2\/media?parent=12837"}],"wp:term":[{"taxonomy":"category","embeddable":true,"href":"https:\/\/serveiseducatius.xtec.cat\/bdrlectura\/wp-json\/wp\/v2\/categories?post=12837"},{"taxonomy":"post_tag","embeddable":true,"href":"https:\/\/serveiseducatius.xtec.cat\/bdrlectura\/wp-json\/wp\/v2\/tags?post=12837"}],"curies":[{"name":"wp","href":"https:\/\/api.w.org\/{rel}","templated":true}]}}