{"id":12835,"date":"2018-01-11T12:41:18","date_gmt":"2018-01-11T11:41:18","guid":{"rendered":"http:\/\/serveiseducatius.xtec.cat\/bdrlectura\/?p=12835"},"modified":"2020-05-09T13:38:33","modified_gmt":"2020-05-09T11:38:33","slug":"la-formacio-literaria-a-primaria-impacte-duna-intervencio-educativa-en-levolucio-de-respostes-lectores","status":"publish","type":"post","link":"https:\/\/serveiseducatius.xtec.cat\/bdrlectura\/promocio-de-la-lectura\/la-formacio-literaria-a-primaria-impacte-duna-intervencio-educativa-en-levolucio-de-respostes-lectores\/","title":{"rendered":"La formaci\u00f3 liter\u00e0ria a prim\u00e0ria. Impacte d\u2019una intervenci\u00f3 educativa en l\u2019evoluci\u00f3 de respostes lectores"},"content":{"rendered":"<h5><img loading=\"lazy\" decoding=\"async\" class=\"size-full wp-image-12828 alignleft\" src=\"http:\/\/serveiseducatius.xtec.cat\/bdrlectura\/wp-content\/uploads\/usu1339\/2018\/01\/edulitelara.jpg\" alt=\"\" width=\"210\" height=\"140\" \/><a href=\"https:\/\/ddd.uab.cat\/record\/137897\" target=\"_blank\" rel=\"noopener noreferrer\">La formaci\u00f3 liter\u00e0ria a prim\u00e0ria. Impacte d\u2019una intervenci\u00f3 educativa en l\u2019evoluci\u00f3 de respostes lectores<\/a><\/h5>\n<p>Tesi doctoral de Lara Reyes on analitza l&#8217;evoluci\u00f3 del lector literari a l&#8217;escola. L&#8217;estudi se centra en l&#8217;evoluci\u00f3 dels infants de cicle mitj\u00e0 i cicle superior en el marc d&#8217;una intervenci\u00f3 que pren com a eix de partida el component social de l&#8217;educaci\u00f3 liter\u00e0ria.<\/p>\n","protected":false},"excerpt":{"rendered":"<p><a href=\"https:\/\/ddd.uab.cat\/record\/137897\" target=\"_blank\" rel=\"noopener noreferrer\">La formaci\u00f3 liter\u00e0ria a prim\u00e0ria. Impacte d\u2019una intervenci\u00f3 educativa en l\u2019evoluci\u00f3 de respostes lectores<\/a><br \/>\nTesi doctoral de Lara Reyes on analitza l&#8217;evoluci\u00f3 del lector literari a l&#8217;escola. L&#8217;estudi se centra en l&#8217;evoluci\u00f3 dels infants de cicle mitj\u00e0 i cicle superior en el&hellip;  <a href=\"https:\/\/serveiseducatius.xtec.cat\/bdrlectura\/promocio-de-la-lectura\/la-formacio-literaria-a-primaria-impacte-duna-intervencio-educativa-en-levolucio-de-respostes-lectores\/\" title=\"Read La formaci\u00f3 liter\u00e0ria a prim\u00e0ria. Impacte d\u2019una intervenci\u00f3 educativa en l\u2019evoluci\u00f3 de respostes lectores\">Llegeix m\u00e9s\u00bb<\/a><\/p>\n","protected":false},"author":1,"featured_media":0,"comment_status":"open","ping_status":"closed","sticky":false,"template":"","format":"standard","meta":{"_bbp_topic_count":0,"_bbp_reply_count":0,"_bbp_total_topic_count":0,"_bbp_total_reply_count":0,"_bbp_voice_count":0,"_bbp_anonymous_reply_count":0,"_bbp_topic_count_hidden":0,"_bbp_reply_count_hidden":0,"_bbp_forum_subforum_count":0,"footnotes":""},"categories":[455],"tags":[609,693,511,490,454,425],"class_list":["post-12835","post","type-post","status-publish","format-standard","hentry","category-promocio-de-la-lectura","tag-activitats-didactiques","tag-dimensio-literaria","tag-educacio-primaria","tag-lectura-compartida","tag-literatura-infantil-i-juvenil","tag-temps-de-lectura"],"post_mailing_queue_ids":[],"_links":{"self":[{"href":"https:\/\/serveiseducatius.xtec.cat\/bdrlectura\/wp-json\/wp\/v2\/posts\/12835","targetHints":{"allow":["GET"]}}],"collection":[{"href":"https:\/\/serveiseducatius.xtec.cat\/bdrlectura\/wp-json\/wp\/v2\/posts"}],"about":[{"href":"https:\/\/serveiseducatius.xtec.cat\/bdrlectura\/wp-json\/wp\/v2\/types\/post"}],"author":[{"embeddable":true,"href":"https:\/\/serveiseducatius.xtec.cat\/bdrlectura\/wp-json\/wp\/v2\/users\/1"}],"replies":[{"embeddable":true,"href":"https:\/\/serveiseducatius.xtec.cat\/bdrlectura\/wp-json\/wp\/v2\/comments?post=12835"}],"version-history":[{"count":3,"href":"https:\/\/serveiseducatius.xtec.cat\/bdrlectura\/wp-json\/wp\/v2\/posts\/12835\/revisions"}],"predecessor-version":[{"id":15712,"href":"https:\/\/serveiseducatius.xtec.cat\/bdrlectura\/wp-json\/wp\/v2\/posts\/12835\/revisions\/15712"}],"wp:attachment":[{"href":"https:\/\/serveiseducatius.xtec.cat\/bdrlectura\/wp-json\/wp\/v2\/media?parent=12835"}],"wp:term":[{"taxonomy":"category","embeddable":true,"href":"https:\/\/serveiseducatius.xtec.cat\/bdrlectura\/wp-json\/wp\/v2\/categories?post=12835"},{"taxonomy":"post_tag","embeddable":true,"href":"https:\/\/serveiseducatius.xtec.cat\/bdrlectura\/wp-json\/wp\/v2\/tags?post=12835"}],"curies":[{"name":"wp","href":"https:\/\/api.w.org\/{rel}","templated":true}]}}