{"id":12819,"date":"2018-01-11T12:29:36","date_gmt":"2018-01-11T11:29:36","guid":{"rendered":"http:\/\/serveiseducatius.xtec.cat\/bdrlectura\/?p=12819"},"modified":"2018-07-10T14:31:38","modified_gmt":"2018-07-10T12:31:38","slug":"la-aventura-de-oir-cuentos-y-memorias-de-tradicion-oral","status":"publish","type":"post","link":"https:\/\/serveiseducatius.xtec.cat\/bdrlectura\/contes-i-narracions\/la-aventura-de-oir-cuentos-y-memorias-de-tradicion-oral\/","title":{"rendered":"La aventura de o\u00edr: cuentos y memorias de tradici\u00f3n oral"},"content":{"rendered":"<h5><img loading=\"lazy\" decoding=\"async\" class=\"size-full wp-image-12827 alignleft\" src=\"http:\/\/serveiseducatius.xtec.cat\/bdrlectura\/wp-content\/uploads\/usu1339\/2018\/01\/aventuraoir.jpg\" alt=\"\" width=\"210\" height=\"140\" \/><a href=\"http:\/\/www.cervantesvirtual.com\/obra-visor\/la-aventura-de-oir-cuentos-y-memorias-de-tradicion-oral--0\/html\/\" target=\"_blank\" rel=\"noopener noreferrer\">La aventura de o\u00edr: cuentos y memorias de tradici\u00f3n oral<\/a><\/h5>\n<p>Versi\u00f3 digital de l&#8217;obra d&#8217;Ana Pelegr\u00edn, inicialment publicada per Cincel (1984). L&#8217;obra\u00a0 t\u00e9 com a principal objectiu la divulgaci\u00f3 i la transmissi\u00f3 del conte de tradici\u00f3 oral a l&#8217;aula. L&#8217;autora ofereix unes orientacions b\u00e0siques per a con\u00e8ixer l&#8217;estructura del conte de tradici\u00f3 oral amb un sentit eminentment did\u00e0ctic.<\/p>\n","protected":false},"excerpt":{"rendered":"<p><a href=\"http:\/\/www.cervantesvirtual.com\/obra-visor\/la-aventura-de-oir-cuentos-y-memorias-de-tradicion-oral--0\/html\/\" target=\"_blank\" rel=\"noopener noreferrer\">La aventura de o\u00edr: cuentos y memorias de tradici\u00f3n oral<\/a><br \/>\nVersi\u00f3 digital de l&#8217;obra d&#8217;Ana Pelegr\u00edn, inicialment publicada per Cincel (1984). L&#8217;obra\u00a0 t\u00e9 com a principal objectiu la divulgaci\u00f3 i la transmissi\u00f3 del conte de tradici\u00f3 oral a l&#8217;aula. L&#8217;autora ofereix unes&hellip;  <a href=\"https:\/\/serveiseducatius.xtec.cat\/bdrlectura\/contes-i-narracions\/la-aventura-de-oir-cuentos-y-memorias-de-tradicion-oral\/\" title=\"Read La aventura de o\u00edr: cuentos y memorias de tradici\u00f3n oral\">Llegeix m\u00e9s\u00bb<\/a><\/p>\n","protected":false},"author":1,"featured_media":12827,"comment_status":"open","ping_status":"closed","sticky":false,"template":"","format":"standard","meta":{"_bbp_topic_count":0,"_bbp_reply_count":0,"_bbp_total_topic_count":0,"_bbp_total_reply_count":0,"_bbp_voice_count":0,"_bbp_anonymous_reply_count":0,"_bbp_topic_count_hidden":0,"_bbp_reply_count_hidden":0,"_bbp_forum_subforum_count":0,"footnotes":""},"categories":[458],"tags":[384,426,531,532,716],"class_list":["post-12819","post","type-post","status-publish","format-standard","has-post-thumbnail","hentry","category-contes-i-narracions","tag-contes-i-narracions","tag-contes-populars","tag-expressio-oral","tag-narracio-oral","tag-propostes-didactiques"],"post_mailing_queue_ids":[],"_links":{"self":[{"href":"https:\/\/serveiseducatius.xtec.cat\/bdrlectura\/wp-json\/wp\/v2\/posts\/12819","targetHints":{"allow":["GET"]}}],"collection":[{"href":"https:\/\/serveiseducatius.xtec.cat\/bdrlectura\/wp-json\/wp\/v2\/posts"}],"about":[{"href":"https:\/\/serveiseducatius.xtec.cat\/bdrlectura\/wp-json\/wp\/v2\/types\/post"}],"author":[{"embeddable":true,"href":"https:\/\/serveiseducatius.xtec.cat\/bdrlectura\/wp-json\/wp\/v2\/users\/1"}],"replies":[{"embeddable":true,"href":"https:\/\/serveiseducatius.xtec.cat\/bdrlectura\/wp-json\/wp\/v2\/comments?post=12819"}],"version-history":[{"count":2,"href":"https:\/\/serveiseducatius.xtec.cat\/bdrlectura\/wp-json\/wp\/v2\/posts\/12819\/revisions"}],"predecessor-version":[{"id":12892,"href":"https:\/\/serveiseducatius.xtec.cat\/bdrlectura\/wp-json\/wp\/v2\/posts\/12819\/revisions\/12892"}],"wp:featuredmedia":[{"embeddable":true,"href":"https:\/\/serveiseducatius.xtec.cat\/bdrlectura\/wp-json\/wp\/v2\/media\/12827"}],"wp:attachment":[{"href":"https:\/\/serveiseducatius.xtec.cat\/bdrlectura\/wp-json\/wp\/v2\/media?parent=12819"}],"wp:term":[{"taxonomy":"category","embeddable":true,"href":"https:\/\/serveiseducatius.xtec.cat\/bdrlectura\/wp-json\/wp\/v2\/categories?post=12819"},{"taxonomy":"post_tag","embeddable":true,"href":"https:\/\/serveiseducatius.xtec.cat\/bdrlectura\/wp-json\/wp\/v2\/tags?post=12819"}],"curies":[{"name":"wp","href":"https:\/\/api.w.org\/{rel}","templated":true}]}}