{"id":12711,"date":"2017-11-30T14:52:00","date_gmt":"2017-11-30T13:52:00","guid":{"rendered":"http:\/\/serveiseducatius.xtec.cat\/bdrlectura\/?p=12711"},"modified":"2018-07-10T12:21:03","modified_gmt":"2018-07-10T10:21:03","slug":"horizonte-bibliotecas-escolares-3-0","status":"publish","type":"post","link":"https:\/\/serveiseducatius.xtec.cat\/bdrlectura\/practiques-educatives-be\/horizonte-bibliotecas-escolares-3-0\/","title":{"rendered":"Horizonte bibliotecas escolares 3.0"},"content":{"rendered":"<h5><img loading=\"lazy\" decoding=\"async\" class=\"size-full wp-image-12712 alignleft\" src=\"http:\/\/serveiseducatius.xtec.cat\/bdrlectura\/wp-content\/uploads\/usu1339\/2017\/11\/BE_30.jpg\" alt=\"\" width=\"210\" height=\"140\" \/><a href=\"http:\/\/www.juntadeandalucia.es\/educacion\/portals\/web\/libro-abierto\/inicio\/-\/libre\/detalle\/XkThHoq5vpFp\/monografico\" target=\"_blank\" rel=\"noopener noreferrer\">Horizonte bibliotecas escolares 3.0<\/a><\/h5>\n<p>Monogr\u00e0fic de\u00a0<a href=\"http:\/\/www.juntadeandalucia.es\/educacion\/portals\/web\/libro-abierto\" target=\"_blank\" rel=\"noopener noreferrer\">Libro Abierto<\/a>, revista de les biblioteques escolars d\u2019Andalusia,\u00a0amb reflexions i experi\u00e8ncies sobre la integraci\u00f3 de les TAC a les biblioteques escolars per tal que esdevinguin espais virtuals d&#8217;acc\u00e9s a la informaci\u00f3\u00a0adequats a les necessitats de la\u00a0societat contempor\u00e0nia.<\/p>\n","protected":false},"excerpt":{"rendered":"<p><a href=\"http:\/\/www.juntadeandalucia.es\/educacion\/portals\/web\/libro-abierto\/inicio\/-\/libre\/detalle\/XkThHoq5vpFp\/monografico\" target=\"_blank\" rel=\"noopener noreferrer\">Horizonte bibliotecas escolares 3.0<\/a><br \/>\nMonogr\u00e0fic de\u00a0<a href=\"http:\/\/www.juntadeandalucia.es\/educacion\/portals\/web\/libro-abierto\" target=\"_blank\" rel=\"noopener noreferrer\">Libro Abierto<\/a>, revista de les biblioteques escolars d\u2019Andalusia,\u00a0amb reflexions i experi\u00e8ncies sobre la integraci\u00f3 de les TAC a les biblioteques escolars per tal que esdevinguin espais virtuals d&#8217;acc\u00e9s a la informaci\u00f3\u00a0adequats a les&hellip;  <a href=\"https:\/\/serveiseducatius.xtec.cat\/bdrlectura\/practiques-educatives-be\/horizonte-bibliotecas-escolares-3-0\/\" title=\"Read Horizonte bibliotecas escolares 3.0\">Llegeix m\u00e9s\u00bb<\/a><\/p>\n","protected":false},"author":1,"featured_media":0,"comment_status":"open","ping_status":"closed","sticky":false,"template":"","format":"standard","meta":{"_bbp_topic_count":0,"_bbp_reply_count":0,"_bbp_total_topic_count":0,"_bbp_total_reply_count":0,"_bbp_voice_count":0,"_bbp_anonymous_reply_count":0,"_bbp_topic_count_hidden":0,"_bbp_reply_count_hidden":0,"_bbp_forum_subforum_count":0,"footnotes":""},"categories":[611,612],"tags":[609,497,448],"class_list":["post-12711","post","type-post","status-publish","format-standard","hentry","category-practiques-educatives-be","category-practiques-educatives-c-info","tag-activitats-didactiques","tag-biblioteca-escolar","tag-competencia-digital"],"post_mailing_queue_ids":[],"_links":{"self":[{"href":"https:\/\/serveiseducatius.xtec.cat\/bdrlectura\/wp-json\/wp\/v2\/posts\/12711","targetHints":{"allow":["GET"]}}],"collection":[{"href":"https:\/\/serveiseducatius.xtec.cat\/bdrlectura\/wp-json\/wp\/v2\/posts"}],"about":[{"href":"https:\/\/serveiseducatius.xtec.cat\/bdrlectura\/wp-json\/wp\/v2\/types\/post"}],"author":[{"embeddable":true,"href":"https:\/\/serveiseducatius.xtec.cat\/bdrlectura\/wp-json\/wp\/v2\/users\/1"}],"replies":[{"embeddable":true,"href":"https:\/\/serveiseducatius.xtec.cat\/bdrlectura\/wp-json\/wp\/v2\/comments?post=12711"}],"version-history":[{"count":2,"href":"https:\/\/serveiseducatius.xtec.cat\/bdrlectura\/wp-json\/wp\/v2\/posts\/12711\/revisions"}],"predecessor-version":[{"id":12714,"href":"https:\/\/serveiseducatius.xtec.cat\/bdrlectura\/wp-json\/wp\/v2\/posts\/12711\/revisions\/12714"}],"wp:attachment":[{"href":"https:\/\/serveiseducatius.xtec.cat\/bdrlectura\/wp-json\/wp\/v2\/media?parent=12711"}],"wp:term":[{"taxonomy":"category","embeddable":true,"href":"https:\/\/serveiseducatius.xtec.cat\/bdrlectura\/wp-json\/wp\/v2\/categories?post=12711"},{"taxonomy":"post_tag","embeddable":true,"href":"https:\/\/serveiseducatius.xtec.cat\/bdrlectura\/wp-json\/wp\/v2\/tags?post=12711"}],"curies":[{"name":"wp","href":"https:\/\/api.w.org\/{rel}","templated":true}]}}