{"id":12705,"date":"2017-11-30T14:16:59","date_gmt":"2017-11-30T13:16:59","guid":{"rendered":"http:\/\/serveiseducatius.xtec.cat\/bdrlectura\/?p=12705"},"modified":"2018-07-10T12:29:18","modified_gmt":"2018-07-10T10:29:18","slug":"exposem-els-llibres-de-la-biblioteca","status":"publish","type":"post","link":"https:\/\/serveiseducatius.xtec.cat\/bdrlectura\/practiques-educatives-be\/exposem-els-llibres-de-la-biblioteca\/","title":{"rendered":"Exposem els llibres de la biblioteca"},"content":{"rendered":"<h5><img loading=\"lazy\" decoding=\"async\" class=\"size-full wp-image-12706 alignleft\" src=\"http:\/\/serveiseducatius.xtec.cat\/bdrlectura\/wp-content\/uploads\/usu1339\/2017\/11\/Orlandai.jpg\" alt=\"\" width=\"210\" height=\"140\" \/><a href=\"http:\/\/bibliotecaorlandai.blogspot.com.es\/\" target=\"_blank\" rel=\"noopener noreferrer\">Exposem els llibres de la biblioteca<\/a><\/h5>\n<p>A la biblioteca de l&#8217;escola Orlandai peri\u00f2dicament treuen alguns llibres del seu espai i munten una exposici\u00f3 sobre algun tema per donar a con\u00e8ixer el seu fons i per estimular la lectura: <a href=\"http:\/\/bibliotecaorlandai.blogspot.com.es\/2017\/11\/exposicio-de-llibres-de-la-nit.html\" target=\"_blank\" rel=\"noopener noreferrer\">Llibres de la nit<\/a> i <a href=\"http:\/\/bibliotecaorlandai.blogspot.com.es\/2017\/11\/llibres-que-parlen-de-vaters.html\" target=\"_blank\" rel=\"noopener noreferrer\">Llibres que parlen de v\u00e0ters&#8230; i m\u00e9s<\/a>, en s\u00f3n dos exemples.<\/p>\n","protected":false},"excerpt":{"rendered":"<p><a href=\"http:\/\/bibliotecaorlandai.blogspot.com.es\/\" target=\"_blank\" rel=\"noopener noreferrer\">Exposem els llibres de la biblioteca<\/a><br \/>\nA la biblioteca de l&#8217;escola Orlandai peri\u00f2dicament treuen alguns llibres del seu espai i munten una exposici\u00f3 sobre algun tema per donar a con\u00e8ixer el seu fons i per estimular la lectura: <a href=\"http:\/\/bibliotecaorlandai.blogspot.com.es\/2017\/11\/exposicio-de-llibres-de-la-nit.html\" target=\"_blank\" rel=\"noopener&hellip;  <a href=\"https:\/\/serveiseducatius.xtec.cat\/bdrlectura\/practiques-educatives-be\/exposem-els-llibres-de-la-biblioteca\/\" title=\"Read Exposem els llibres de la biblioteca\">Llegeix m\u00e9s\u00bb<\/a><\/p>\n","protected":false},"author":1,"featured_media":0,"comment_status":"open","ping_status":"closed","sticky":false,"template":"","format":"standard","meta":{"_bbp_topic_count":0,"_bbp_reply_count":0,"_bbp_total_topic_count":0,"_bbp_total_reply_count":0,"_bbp_voice_count":0,"_bbp_anonymous_reply_count":0,"_bbp_topic_count_hidden":0,"_bbp_reply_count_hidden":0,"_bbp_forum_subforum_count":0,"footnotes":""},"categories":[611],"tags":[693,510,583],"class_list":["post-12705","post","type-post","status-publish","format-standard","hentry","category-practiques-educatives-be","tag-dimensio-literaria","tag-dinamitzacio-de-la-biblioteca-escolar","tag-promocio-de-la-lectura"],"post_mailing_queue_ids":[],"_links":{"self":[{"href":"https:\/\/serveiseducatius.xtec.cat\/bdrlectura\/wp-json\/wp\/v2\/posts\/12705","targetHints":{"allow":["GET"]}}],"collection":[{"href":"https:\/\/serveiseducatius.xtec.cat\/bdrlectura\/wp-json\/wp\/v2\/posts"}],"about":[{"href":"https:\/\/serveiseducatius.xtec.cat\/bdrlectura\/wp-json\/wp\/v2\/types\/post"}],"author":[{"embeddable":true,"href":"https:\/\/serveiseducatius.xtec.cat\/bdrlectura\/wp-json\/wp\/v2\/users\/1"}],"replies":[{"embeddable":true,"href":"https:\/\/serveiseducatius.xtec.cat\/bdrlectura\/wp-json\/wp\/v2\/comments?post=12705"}],"version-history":[{"count":1,"href":"https:\/\/serveiseducatius.xtec.cat\/bdrlectura\/wp-json\/wp\/v2\/posts\/12705\/revisions"}],"predecessor-version":[{"id":12707,"href":"https:\/\/serveiseducatius.xtec.cat\/bdrlectura\/wp-json\/wp\/v2\/posts\/12705\/revisions\/12707"}],"wp:attachment":[{"href":"https:\/\/serveiseducatius.xtec.cat\/bdrlectura\/wp-json\/wp\/v2\/media?parent=12705"}],"wp:term":[{"taxonomy":"category","embeddable":true,"href":"https:\/\/serveiseducatius.xtec.cat\/bdrlectura\/wp-json\/wp\/v2\/categories?post=12705"},{"taxonomy":"post_tag","embeddable":true,"href":"https:\/\/serveiseducatius.xtec.cat\/bdrlectura\/wp-json\/wp\/v2\/tags?post=12705"}],"curies":[{"name":"wp","href":"https:\/\/api.w.org\/{rel}","templated":true}]}}