{"id":12674,"date":"2017-11-20T20:51:54","date_gmt":"2017-11-20T19:51:54","guid":{"rendered":"http:\/\/serveiseducatius.xtec.cat\/bdrlectura\/?p=12674"},"modified":"2020-05-09T10:30:44","modified_gmt":"2020-05-09T08:30:44","slug":"comprension-lectora-estrategias-que-desarrollan-lectores-autorregulados","status":"publish","type":"post","link":"https:\/\/serveiseducatius.xtec.cat\/bdrlectura\/didactica-de-la-lectura\/comprension-lectora-estrategias-que-desarrollan-lectores-autorregulados\/","title":{"rendered":"Comprensi\u00f3n lectora. Estrategias que desarrollan lectores autorregulados"},"content":{"rendered":"<h5><a href=\"https:\/\/youtu.be\/E8t61xcznPI\" target=\"_blank\" rel=\"noopener noreferrer\"><img loading=\"lazy\" decoding=\"async\" class=\"alignleft wp-image-12675 size-full\" src=\"http:\/\/serveiseducatius.xtec.cat\/bdrlectura\/wp-content\/uploads\/usu1339\/2017\/11\/Calero.jpg\" alt=\"\" width=\"210\" height=\"140\" \/><\/a><a href=\"https:\/\/www.youtube.com\/watch?v=b79rXBbcaJM\" target=\"_blank\" rel=\"noopener noreferrer\">Comprensi\u00f3n lectora. Estrategias que desarrollan lectores autorregulados<\/a><\/h5>\n<p>Aquest llibre d&#8217;<a href=\"http:\/\/comprension-lectora.org\/\" target=\"_blank\" rel=\"noopener noreferrer\">Andr\u00e9s Calero<\/a>, mestre i psic\u00f2leg escolar, uneix teoria i pr\u00e0ctica\u00a0amb l&#8217;objectiu d&#8217;estimular el pensament estrat\u00e8gic i la capacitat per aprendre a comprendre de l&#8217;alumnat d&#8217;Educaci\u00f3 Prim\u00e0ria. S&#8217;ha publicat a Amazon en suport paper i com a llibre electr\u00f2nic.<\/p>\n","protected":false},"excerpt":{"rendered":"<p><a href=\"https:\/\/youtu.be\/E8t61xcznPI\" target=\"_blank\" rel=\"noopener noreferrer\"><\/a><a href=\"https:\/\/www.youtube.com\/watch?v=b79rXBbcaJM\" target=\"_blank\" rel=\"noopener noreferrer\">Comprensi\u00f3n lectora. Estrategias que desarrollan lectores autorregulados<\/a><br \/>\nAquest llibre d&#8217;<a href=\"http:\/\/comprension-lectora.org\/\" target=\"_blank\" rel=\"noopener noreferrer\">Andr\u00e9s Calero<\/a>, mestre i psic\u00f2leg escolar, uneix teoria i pr\u00e0ctica\u00a0amb l&#8217;objectiu d&#8217;estimular el pensament estrat\u00e8gic i la capacitat per aprendre a comprendre de l&#8217;alumnat d&#8217;Educaci\u00f3&hellip;  <a href=\"https:\/\/serveiseducatius.xtec.cat\/bdrlectura\/didactica-de-la-lectura\/comprension-lectora-estrategias-que-desarrollan-lectores-autorregulados\/\" title=\"Read Comprensi\u00f3n lectora. Estrategias que desarrollan lectores autorregulados\">Llegeix m\u00e9s\u00bb<\/a><\/p>\n","protected":false},"author":1,"featured_media":12676,"comment_status":"open","ping_status":"closed","sticky":false,"template":"","format":"standard","meta":{"_bbp_topic_count":0,"_bbp_reply_count":0,"_bbp_total_topic_count":0,"_bbp_total_reply_count":0,"_bbp_voice_count":0,"_bbp_anonymous_reply_count":0,"_bbp_topic_count_hidden":0,"_bbp_reply_count_hidden":0,"_bbp_forum_subforum_count":0,"footnotes":""},"categories":[303],"tags":[582,511,598],"class_list":["post-12674","post","type-post","status-publish","format-standard","has-post-thumbnail","hentry","category-didactica-de-la-lectura","tag-comprensio-lectora","tag-educacio-primaria","tag-estrategies-de-lectura"],"post_mailing_queue_ids":[],"_links":{"self":[{"href":"https:\/\/serveiseducatius.xtec.cat\/bdrlectura\/wp-json\/wp\/v2\/posts\/12674","targetHints":{"allow":["GET"]}}],"collection":[{"href":"https:\/\/serveiseducatius.xtec.cat\/bdrlectura\/wp-json\/wp\/v2\/posts"}],"about":[{"href":"https:\/\/serveiseducatius.xtec.cat\/bdrlectura\/wp-json\/wp\/v2\/types\/post"}],"author":[{"embeddable":true,"href":"https:\/\/serveiseducatius.xtec.cat\/bdrlectura\/wp-json\/wp\/v2\/users\/1"}],"replies":[{"embeddable":true,"href":"https:\/\/serveiseducatius.xtec.cat\/bdrlectura\/wp-json\/wp\/v2\/comments?post=12674"}],"version-history":[{"count":3,"href":"https:\/\/serveiseducatius.xtec.cat\/bdrlectura\/wp-json\/wp\/v2\/posts\/12674\/revisions"}],"predecessor-version":[{"id":15672,"href":"https:\/\/serveiseducatius.xtec.cat\/bdrlectura\/wp-json\/wp\/v2\/posts\/12674\/revisions\/15672"}],"wp:featuredmedia":[{"embeddable":true,"href":"https:\/\/serveiseducatius.xtec.cat\/bdrlectura\/wp-json\/wp\/v2\/media\/12676"}],"wp:attachment":[{"href":"https:\/\/serveiseducatius.xtec.cat\/bdrlectura\/wp-json\/wp\/v2\/media?parent=12674"}],"wp:term":[{"taxonomy":"category","embeddable":true,"href":"https:\/\/serveiseducatius.xtec.cat\/bdrlectura\/wp-json\/wp\/v2\/categories?post=12674"},{"taxonomy":"post_tag","embeddable":true,"href":"https:\/\/serveiseducatius.xtec.cat\/bdrlectura\/wp-json\/wp\/v2\/tags?post=12674"}],"curies":[{"name":"wp","href":"https:\/\/api.w.org\/{rel}","templated":true}]}}