{"id":12642,"date":"2017-11-16T16:27:23","date_gmt":"2017-11-16T15:27:23","guid":{"rendered":"http:\/\/serveiseducatius.xtec.cat\/bdrlectura\/?p=12642"},"modified":"2020-05-09T10:59:25","modified_gmt":"2020-05-09T08:59:25","slug":"guia-para-mejorar-y-trabajar-la-comprension-durante-la-lectura-del-libro-de-texto-en-clase","status":"publish","type":"post","link":"https:\/\/serveiseducatius.xtec.cat\/bdrlectura\/propostes-didactiques-cl\/guia-para-mejorar-y-trabajar-la-comprension-durante-la-lectura-del-libro-de-texto-en-clase\/","title":{"rendered":"Gu\u00eda para mejorar y trabajar la comprensi\u00f3n durante la lectura del libro de texto en clase"},"content":{"rendered":"<h5><img loading=\"lazy\" decoding=\"async\" class=\"size-full wp-image-12643 alignleft\" src=\"http:\/\/serveiseducatius.xtec.cat\/bdrlectura\/wp-content\/uploads\/usu1339\/2017\/11\/llibrestext.jpg\" alt=\"\" width=\"210\" height=\"140\" \/><a href=\"https:\/\/leer.es\/ca\/recursos\/investigar\/detalle\/-\/asset_publisher\/3fAFCQK7mwkO\/content\/guia-para-mejorar-y-trabajar-la-comprension-durante-la-lectura-del-libro-de-texto-en-clase-secundaria-emilio-sanchez-miguel\" target=\"_blank\" rel=\"noopener noreferrer\">Gu\u00eda para mejorar y trabajar la comprensi\u00f3n durante la lectura del libro de texto en clase<\/a><\/h5>\n<p>Guia per ajudar el professorat a organitzar i dirigir la lectura dels textos que l&#8217;alumnat llegeix di\u00e0riament a l&#8217;aula en el marc de les unitats did\u00e0ctiques que es treballen. \u00c9s una proposta del\u00a0Grup<a href=\"http:\/\/aiape.usal.es\/\" target=\"_blank\" rel=\"noopener noreferrer\"> AIAPE <\/a>de la Universitat de Salamanca.<\/p>\n","protected":false},"excerpt":{"rendered":"<p><a href=\"https:\/\/leer.es\/ca\/recursos\/investigar\/detalle\/-\/asset_publisher\/3fAFCQK7mwkO\/content\/guia-para-mejorar-y-trabajar-la-comprension-durante-la-lectura-del-libro-de-texto-en-clase-secundaria-emilio-sanchez-miguel\" target=\"_blank\" rel=\"noopener noreferrer\">Gu\u00eda para mejorar y trabajar la comprensi\u00f3n durante la lectura del libro de texto en clase<\/a><br \/>\nGuia per ajudar el professorat a organitzar i dirigir la lectura dels textos que l&#8217;alumnat llegeix di\u00e0riament a l&#8217;aula en el marc de les unitats did\u00e0ctiques&hellip;  <a href=\"https:\/\/serveiseducatius.xtec.cat\/bdrlectura\/propostes-didactiques-cl\/guia-para-mejorar-y-trabajar-la-comprension-durante-la-lectura-del-libro-de-texto-en-clase\/\" title=\"Read Gu\u00eda para mejorar y trabajar la comprensi\u00f3n durante la lectura del libro de texto en clase\">Llegeix m\u00e9s\u00bb<\/a><\/p>\n","protected":false},"author":1,"featured_media":12643,"comment_status":"open","ping_status":"closed","sticky":false,"template":"","format":"standard","meta":{"_bbp_topic_count":0,"_bbp_reply_count":0,"_bbp_total_topic_count":0,"_bbp_total_reply_count":0,"_bbp_voice_count":0,"_bbp_anonymous_reply_count":0,"_bbp_topic_count_hidden":0,"_bbp_reply_count_hidden":0,"_bbp_forum_subforum_count":0,"footnotes":""},"categories":[304],"tags":[582,511,433,739],"class_list":["post-12642","post","type-post","status-publish","format-standard","has-post-thumbnail","hentry","category-propostes-didactiques-cl","tag-comprensio-lectora","tag-educacio-primaria","tag-llibres-de-coneixements","tag-llibres-de-text"],"post_mailing_queue_ids":[],"_links":{"self":[{"href":"https:\/\/serveiseducatius.xtec.cat\/bdrlectura\/wp-json\/wp\/v2\/posts\/12642","targetHints":{"allow":["GET"]}}],"collection":[{"href":"https:\/\/serveiseducatius.xtec.cat\/bdrlectura\/wp-json\/wp\/v2\/posts"}],"about":[{"href":"https:\/\/serveiseducatius.xtec.cat\/bdrlectura\/wp-json\/wp\/v2\/types\/post"}],"author":[{"embeddable":true,"href":"https:\/\/serveiseducatius.xtec.cat\/bdrlectura\/wp-json\/wp\/v2\/users\/1"}],"replies":[{"embeddable":true,"href":"https:\/\/serveiseducatius.xtec.cat\/bdrlectura\/wp-json\/wp\/v2\/comments?post=12642"}],"version-history":[{"count":3,"href":"https:\/\/serveiseducatius.xtec.cat\/bdrlectura\/wp-json\/wp\/v2\/posts\/12642\/revisions"}],"predecessor-version":[{"id":15680,"href":"https:\/\/serveiseducatius.xtec.cat\/bdrlectura\/wp-json\/wp\/v2\/posts\/12642\/revisions\/15680"}],"wp:featuredmedia":[{"embeddable":true,"href":"https:\/\/serveiseducatius.xtec.cat\/bdrlectura\/wp-json\/wp\/v2\/media\/12643"}],"wp:attachment":[{"href":"https:\/\/serveiseducatius.xtec.cat\/bdrlectura\/wp-json\/wp\/v2\/media?parent=12642"}],"wp:term":[{"taxonomy":"category","embeddable":true,"href":"https:\/\/serveiseducatius.xtec.cat\/bdrlectura\/wp-json\/wp\/v2\/categories?post=12642"},{"taxonomy":"post_tag","embeddable":true,"href":"https:\/\/serveiseducatius.xtec.cat\/bdrlectura\/wp-json\/wp\/v2\/tags?post=12642"}],"curies":[{"name":"wp","href":"https:\/\/api.w.org\/{rel}","templated":true}]}}