{"id":12636,"date":"2020-11-16T16:16:59","date_gmt":"2020-11-16T15:16:59","guid":{"rendered":"http:\/\/serveiseducatius.xtec.cat\/bdrlectura\/?p=12636"},"modified":"2022-04-08T11:53:29","modified_gmt":"2022-04-08T09:53:29","slug":"pla-nacional-llibre-2020","status":"publish","type":"post","link":"https:\/\/serveiseducatius.xtec.cat\/bdrlectura\/altres-plans-de-lectura-i-escriptura\/pla-nacional-llibre-2020\/","title":{"rendered":"Pla de lectura 2020"},"content":{"rendered":"<h5><img loading=\"lazy\" decoding=\"async\" class=\"size-full wp-image-12637 alignleft\" src=\"http:\/\/serveiseducatius.xtec.cat\/bdrlectura\/wp-content\/uploads\/usu1339\/2017\/11\/pla2020.jpg\" alt=\"\" width=\"210\" height=\"140\" \/><a href=\"https:\/\/cultura.gencat.cat\/ca\/departament\/plans-i-programes\/ambit-sectorial\/pla-nacional-del-llibre-i-la-lectura-de-catalunya\" target=\"_blank\" rel=\"noopener noreferrer\">Pla nacional del llibre i la lectura de Catalunya<\/a><\/h5>\n<p>El <a href=\"http:\/\/cultura.gencat.cat\/ca\/inici\/\" target=\"_blank\" rel=\"noopener noreferrer\">Departament de Cultura<\/a> de la Generalitat de Catalunya elabora el Pla nacional del llibre i la lectura de Catalunya que t\u00e9 com a principal objectiu fomentar l&#8217;h\u00e0bit lector entre la poblaci\u00f3 mitjan\u00e7ant campanyes de sensibilitzaci\u00f3 ciutadana. A la web es recullen els tres eixos de treball: el reconeixement nacional i internacional d&#8217;autors\/es i la literatura catalana i occitana; el foment de la lectura, i el suport a la ind\u00fastria.<\/p>\n","protected":false},"excerpt":{"rendered":"<p><a href=\"https:\/\/cultura.gencat.cat\/ca\/departament\/plans-i-programes\/ambit-sectorial\/pla-nacional-del-llibre-i-la-lectura-de-catalunya\" target=\"_blank\" rel=\"noopener noreferrer\">Pla nacional del llibre i la lectura de Catalunya<\/a><br \/>\nEl <a href=\"http:\/\/cultura.gencat.cat\/ca\/inici\/\" target=\"_blank\" rel=\"noopener noreferrer\">Departament de Cultura<\/a> de la Generalitat de Catalunya elabora el Pla nacional del llibre i la lectura de Catalunya que t\u00e9 com a principal objectiu fomentar l&#8217;h\u00e0bit lector&hellip;  <a href=\"https:\/\/serveiseducatius.xtec.cat\/bdrlectura\/altres-plans-de-lectura-i-escriptura\/pla-nacional-llibre-2020\/\" title=\"Read Pla de lectura 2020\">Llegeix m\u00e9s\u00bb<\/a><\/p>\n","protected":false},"author":1,"featured_media":12637,"comment_status":"open","ping_status":"closed","sticky":false,"template":"","format":"standard","meta":{"_bbp_topic_count":0,"_bbp_reply_count":0,"_bbp_total_topic_count":0,"_bbp_total_reply_count":0,"_bbp_voice_count":0,"_bbp_anonymous_reply_count":0,"_bbp_topic_count_hidden":0,"_bbp_reply_count_hidden":0,"_bbp_forum_subforum_count":0,"footnotes":""},"categories":[310],"tags":[586,737,494],"class_list":["post-12636","post","type-post","status-publish","format-standard","has-post-thumbnail","hentry","category-altres-plans-de-lectura-i-escriptura","tag-biblioteca-publica","tag-catalunya","tag-pla-de-lectura"],"post_mailing_queue_ids":[],"_links":{"self":[{"href":"https:\/\/serveiseducatius.xtec.cat\/bdrlectura\/wp-json\/wp\/v2\/posts\/12636","targetHints":{"allow":["GET"]}}],"collection":[{"href":"https:\/\/serveiseducatius.xtec.cat\/bdrlectura\/wp-json\/wp\/v2\/posts"}],"about":[{"href":"https:\/\/serveiseducatius.xtec.cat\/bdrlectura\/wp-json\/wp\/v2\/types\/post"}],"author":[{"embeddable":true,"href":"https:\/\/serveiseducatius.xtec.cat\/bdrlectura\/wp-json\/wp\/v2\/users\/1"}],"replies":[{"embeddable":true,"href":"https:\/\/serveiseducatius.xtec.cat\/bdrlectura\/wp-json\/wp\/v2\/comments?post=12636"}],"version-history":[{"count":3,"href":"https:\/\/serveiseducatius.xtec.cat\/bdrlectura\/wp-json\/wp\/v2\/posts\/12636\/revisions"}],"predecessor-version":[{"id":17810,"href":"https:\/\/serveiseducatius.xtec.cat\/bdrlectura\/wp-json\/wp\/v2\/posts\/12636\/revisions\/17810"}],"wp:featuredmedia":[{"embeddable":true,"href":"https:\/\/serveiseducatius.xtec.cat\/bdrlectura\/wp-json\/wp\/v2\/media\/12637"}],"wp:attachment":[{"href":"https:\/\/serveiseducatius.xtec.cat\/bdrlectura\/wp-json\/wp\/v2\/media?parent=12636"}],"wp:term":[{"taxonomy":"category","embeddable":true,"href":"https:\/\/serveiseducatius.xtec.cat\/bdrlectura\/wp-json\/wp\/v2\/categories?post=12636"},{"taxonomy":"post_tag","embeddable":true,"href":"https:\/\/serveiseducatius.xtec.cat\/bdrlectura\/wp-json\/wp\/v2\/tags?post=12636"}],"curies":[{"name":"wp","href":"https:\/\/api.w.org\/{rel}","templated":true}]}}