{"id":12446,"date":"2020-02-14T11:05:23","date_gmt":"2020-02-14T10:05:23","guid":{"rendered":"http:\/\/serveiseducatius.xtec.cat\/bdrlectura\/?p=12446"},"modified":"2022-09-29T19:58:44","modified_gmt":"2022-09-29T17:58:44","slug":"poesia-brossa","status":"publish","type":"post","link":"https:\/\/serveiseducatius.xtec.cat\/bdrlectura\/poesia-i-teatre\/poesia-brossa\/","title":{"rendered":"Any Josep Carner"},"content":{"rendered":"<h5><img loading=\"lazy\" decoding=\"async\" class=\"alignleft wp-image-15107 size-full\" src=\"https:\/\/serveiseducatius.xtec.cat\/bdrlectura\/wp-content\/uploads\/usu1339\/2019\/01\/Josep_Carner.jpg\" alt=\"\" width=\"210\" height=\"140\" \/><a href=\"https:\/\/cultura.gencat.cat\/ca\/temes\/commemoracions\/2020\/anyjosepcarner\/inici\/\" target=\"_blank\" rel=\"noopener noreferrer\">Any Josep Carner<\/a><\/h5>\n<p>El 2020 es commemora el 50\u00e8 aniversari de la mort de <a href=\"https:\/\/www.escriptors.cat\/autors\/carnerj\" target=\"_blank\" rel=\"noopener noreferrer\">Josep Carner<\/a>, &#8220;el pr\u00edncep dels poetes&#8221;. Un dels objectius de l\u2019any \u00e9s el de difondre la seva obra a trav\u00e9s de confer\u00e8ncies, exposicions, activitats musicals&#8230; L\u2019<a href=\"https:\/\/cultura.gencat.cat\/ca\/temes\/commemoracions\/2020\/anyjosepcarner\/agenda\/\" target=\"_blank\" rel=\"noopener noreferrer\">agenda<\/a> del web posar\u00e0 al dia els actes i les manifestacions que es vagin preparant.<\/p>\n","protected":false},"excerpt":{"rendered":"<p><a href=\"https:\/\/cultura.gencat.cat\/ca\/temes\/commemoracions\/2020\/anyjosepcarner\/inici\/\" target=\"_blank\" rel=\"noopener noreferrer\">Any Josep Carner<\/a><br \/>\nEl 2020 es commemora el 50\u00e8 aniversari de la mort de <a href=\"https:\/\/www.escriptors.cat\/autors\/carnerj\" target=\"_blank\" rel=\"noopener noreferrer\">Josep Carner<\/a>, &#8220;el pr\u00edncep dels poetes&#8221;. Un dels objectius de l\u2019any \u00e9s el de difondre la seva obra a trav\u00e9s de confer\u00e8ncies, exposicions, activitats&hellip;  <a href=\"https:\/\/serveiseducatius.xtec.cat\/bdrlectura\/poesia-i-teatre\/poesia-brossa\/\" title=\"Read Any Josep Carner\">Llegeix m\u00e9s\u00bb<\/a><\/p>\n","protected":false},"author":1,"featured_media":15107,"comment_status":"open","ping_status":"closed","sticky":false,"template":"","format":"standard","meta":{"_bbp_topic_count":0,"_bbp_reply_count":0,"_bbp_total_topic_count":0,"_bbp_total_reply_count":0,"_bbp_voice_count":0,"_bbp_anonymous_reply_count":0,"_bbp_topic_count_hidden":0,"_bbp_reply_count_hidden":0,"_bbp_forum_subforum_count":0,"footnotes":""},"categories":[461],"tags":[809,407,539,452,386],"class_list":["post-12446","post","type-post","status-publish","format-standard","has-post-thumbnail","hentry","category-poesia-i-teatre","tag-809","tag-autores-i-autors","tag-efemerides","tag-literatura-catalana","tag-poesia"],"post_mailing_queue_ids":[],"_links":{"self":[{"href":"https:\/\/serveiseducatius.xtec.cat\/bdrlectura\/wp-json\/wp\/v2\/posts\/12446","targetHints":{"allow":["GET"]}}],"collection":[{"href":"https:\/\/serveiseducatius.xtec.cat\/bdrlectura\/wp-json\/wp\/v2\/posts"}],"about":[{"href":"https:\/\/serveiseducatius.xtec.cat\/bdrlectura\/wp-json\/wp\/v2\/types\/post"}],"author":[{"embeddable":true,"href":"https:\/\/serveiseducatius.xtec.cat\/bdrlectura\/wp-json\/wp\/v2\/users\/1"}],"replies":[{"embeddable":true,"href":"https:\/\/serveiseducatius.xtec.cat\/bdrlectura\/wp-json\/wp\/v2\/comments?post=12446"}],"version-history":[{"count":5,"href":"https:\/\/serveiseducatius.xtec.cat\/bdrlectura\/wp-json\/wp\/v2\/posts\/12446\/revisions"}],"predecessor-version":[{"id":15172,"href":"https:\/\/serveiseducatius.xtec.cat\/bdrlectura\/wp-json\/wp\/v2\/posts\/12446\/revisions\/15172"}],"wp:featuredmedia":[{"embeddable":true,"href":"https:\/\/serveiseducatius.xtec.cat\/bdrlectura\/wp-json\/wp\/v2\/media\/15107"}],"wp:attachment":[{"href":"https:\/\/serveiseducatius.xtec.cat\/bdrlectura\/wp-json\/wp\/v2\/media?parent=12446"}],"wp:term":[{"taxonomy":"category","embeddable":true,"href":"https:\/\/serveiseducatius.xtec.cat\/bdrlectura\/wp-json\/wp\/v2\/categories?post=12446"},{"taxonomy":"post_tag","embeddable":true,"href":"https:\/\/serveiseducatius.xtec.cat\/bdrlectura\/wp-json\/wp\/v2\/tags?post=12446"}],"curies":[{"name":"wp","href":"https:\/\/api.w.org\/{rel}","templated":true}]}}