{"id":12356,"date":"2017-09-01T08:30:33","date_gmt":"2017-09-01T06:30:33","guid":{"rendered":"http:\/\/serveiseducatius.xtec.cat\/bdrlectura\/?p=12356"},"modified":"2018-07-09T18:00:55","modified_gmt":"2018-07-09T16:00:55","slug":"promocio-de-la-lectura-entrevista-a-joan-portell","status":"publish","type":"post","link":"https:\/\/serveiseducatius.xtec.cat\/bdrlectura\/promocio-de-la-lectura\/promocio-de-la-lectura-entrevista-a-joan-portell\/","title":{"rendered":"Promoci\u00f3 de la lectura. Entrevista a Joan Portell"},"content":{"rendered":"<h5><a href=\"http:\/\/serveiseducatius.xtec.cat\/bdrlectura\/wp-content\/uploads\/usu1339\/2017\/02\/terricoles.png\"><img loading=\"lazy\" decoding=\"async\" class=\"alignleft wp-image-11721 size-full\" src=\"http:\/\/serveiseducatius.xtec.cat\/bdrlectura\/wp-content\/uploads\/usu1339\/2017\/02\/terricoles.png\" alt=\"\" width=\"210\" height=\"140\" \/><\/a><a href=\"http:\/\/beteve.cat\/clip\/terricoles-joan-portell\/\" target=\"_blank\" rel=\"noopener noreferrer\">Promoci\u00f3 de la lectura. Entrevista a Joan Portell<\/a><\/h5>\n<p><a href=\"https:\/\/es.linkedin.com\/in\/joan-portell-11839554\" target=\"_blank\" rel=\"noopener noreferrer\">Joan Portell<\/a>, escriptor i cr\u00edtic, conversa en el programa <a href=\"http:\/\/beteve.cat\/programa\/terricoles\/\" target=\"_blank\" rel=\"noopener noreferrer\">Terr\u00edcoles<\/a> de Betev\u00e9 sobre la import\u00e0ncia d&#8217;adequar el foment de l&#8217;h\u00e0bit lector als joves de l&#8217;etapa adolescent.<\/p>\n","protected":false},"excerpt":{"rendered":"<p><a href=\"http:\/\/serveiseducatius.xtec.cat\/bdrlectura\/wp-content\/uploads\/usu1339\/2017\/02\/terricoles.png\"><\/a><a href=\"http:\/\/beteve.cat\/clip\/terricoles-joan-portell\/\" target=\"_blank\" rel=\"noopener noreferrer\">Promoci\u00f3 de la lectura. Entrevista a Joan Portell<\/a><br \/>\n<a href=\"https:\/\/es.linkedin.com\/in\/joan-portell-11839554\" target=\"_blank\" rel=\"noopener noreferrer\">Joan Portell<\/a>, escriptor i cr\u00edtic, conversa en el programa <a href=\"http:\/\/beteve.cat\/programa\/terricoles\/\" target=\"_blank\" rel=\"noopener noreferrer\">Terr\u00edcoles<\/a> de Betev\u00e9 sobre la import\u00e0ncia d&#8217;adequar el foment de l&#8217;h\u00e0bit lector als joves de l&#8217;etapa&hellip;  <a href=\"https:\/\/serveiseducatius.xtec.cat\/bdrlectura\/promocio-de-la-lectura\/promocio-de-la-lectura-entrevista-a-joan-portell\/\" title=\"Read Promoci\u00f3 de la lectura. Entrevista a Joan Portell\">Llegeix m\u00e9s\u00bb<\/a><\/p>\n","protected":false},"author":4,"featured_media":0,"comment_status":"open","ping_status":"closed","sticky":false,"template":"","format":"standard","meta":{"_bbp_topic_count":0,"_bbp_reply_count":0,"_bbp_total_topic_count":0,"_bbp_total_reply_count":0,"_bbp_voice_count":0,"_bbp_anonymous_reply_count":0,"_bbp_topic_count_hidden":0,"_bbp_reply_count_hidden":0,"_bbp_forum_subforum_count":0,"footnotes":""},"categories":[455],"tags":[497,594,387,380,583],"class_list":["post-12356","post","type-post","status-publish","format-standard","hentry","category-promocio-de-la-lectura","tag-biblioteca-escolar","tag-biblioteca-infantil-i-juvenil","tag-dinamitzacio-de-la-lectura","tag-lectura-i-familia","tag-promocio-de-la-lectura"],"post_mailing_queue_ids":[],"_links":{"self":[{"href":"https:\/\/serveiseducatius.xtec.cat\/bdrlectura\/wp-json\/wp\/v2\/posts\/12356","targetHints":{"allow":["GET"]}}],"collection":[{"href":"https:\/\/serveiseducatius.xtec.cat\/bdrlectura\/wp-json\/wp\/v2\/posts"}],"about":[{"href":"https:\/\/serveiseducatius.xtec.cat\/bdrlectura\/wp-json\/wp\/v2\/types\/post"}],"author":[{"embeddable":true,"href":"https:\/\/serveiseducatius.xtec.cat\/bdrlectura\/wp-json\/wp\/v2\/users\/4"}],"replies":[{"embeddable":true,"href":"https:\/\/serveiseducatius.xtec.cat\/bdrlectura\/wp-json\/wp\/v2\/comments?post=12356"}],"version-history":[{"count":3,"href":"https:\/\/serveiseducatius.xtec.cat\/bdrlectura\/wp-json\/wp\/v2\/posts\/12356\/revisions"}],"predecessor-version":[{"id":12364,"href":"https:\/\/serveiseducatius.xtec.cat\/bdrlectura\/wp-json\/wp\/v2\/posts\/12356\/revisions\/12364"}],"wp:attachment":[{"href":"https:\/\/serveiseducatius.xtec.cat\/bdrlectura\/wp-json\/wp\/v2\/media?parent=12356"}],"wp:term":[{"taxonomy":"category","embeddable":true,"href":"https:\/\/serveiseducatius.xtec.cat\/bdrlectura\/wp-json\/wp\/v2\/categories?post=12356"},{"taxonomy":"post_tag","embeddable":true,"href":"https:\/\/serveiseducatius.xtec.cat\/bdrlectura\/wp-json\/wp\/v2\/tags?post=12356"}],"curies":[{"name":"wp","href":"https:\/\/api.w.org\/{rel}","templated":true}]}}