{"id":12222,"date":"2016-11-24T13:04:31","date_gmt":"2016-11-24T12:04:31","guid":{"rendered":"http:\/\/serveiseducatius.xtec.cat\/bdrlectura\/?p=12222"},"modified":"2020-05-04T18:36:23","modified_gmt":"2020-05-04T16:36:23","slug":"jornada-de-biblioteques-escolars-a-les-terres-de-lebre","status":"publish","type":"post","link":"https:\/\/serveiseducatius.xtec.cat\/bdrlectura\/webs-tematics\/jornada-de-biblioteques-escolars-a-les-terres-de-lebre\/","title":{"rendered":"Lectura Lab"},"content":{"rendered":"<h5><img loading=\"lazy\" decoding=\"async\" class=\"alignleft wp-image-13502 size-full\" src=\"http:\/\/serveiseducatius.xtec.cat\/bdrlectura\/wp-content\/uploads\/usu1339\/2017\/07\/lectura_lab.jpg\" alt=\"\" width=\"210\" height=\"140\" \/><a href=\"http:\/\/www.lecturalab.org\/section\/_1\" target=\"_blank\" rel=\"noopener noreferrer\">Lectura Lab<\/a><\/h5>\n<p>Portal del laboratori de la lectura de la <a href=\"http:\/\/fundaciongsr.org\/\" target=\"_blank\" rel=\"noopener noreferrer\">Fundaci\u00f3n Germ\u00e1n S\u00e1nchez Ruip\u00e9rez<\/a> amb la col\u00b7laboraci\u00f3 del Ministerio de Educaci\u00f3n. Aquest web \u00e9s un punt de trobada de les persones interessades en el foment de la lectura i l&#8217;alfabetitzaci\u00f3 digital.<\/p>\n","protected":false},"excerpt":{"rendered":"<p><a href=\"http:\/\/www.lecturalab.org\/section\/_1\" target=\"_blank\" rel=\"noopener noreferrer\">Lectura Lab<\/a><br \/>\nPortal del laboratori de la lectura de la <a href=\"http:\/\/fundaciongsr.org\/\" target=\"_blank\" rel=\"noopener noreferrer\">Fundaci\u00f3n Germ\u00e1n S\u00e1nchez Ruip\u00e9rez<\/a> amb la col\u00b7laboraci\u00f3 del Ministerio de Educaci\u00f3n. Aquest web \u00e9s un punt de trobada de les persones interessades en el foment de la lectura&hellip;  <a href=\"https:\/\/serveiseducatius.xtec.cat\/bdrlectura\/webs-tematics\/jornada-de-biblioteques-escolars-a-les-terres-de-lebre\/\" title=\"Read Lectura Lab\">Llegeix m\u00e9s\u00bb<\/a><\/p>\n","protected":false},"author":1,"featured_media":0,"comment_status":"open","ping_status":"closed","sticky":false,"template":"","format":"standard","meta":{"_bbp_topic_count":0,"_bbp_reply_count":0,"_bbp_total_topic_count":0,"_bbp_total_reply_count":0,"_bbp_voice_count":0,"_bbp_anonymous_reply_count":0,"_bbp_topic_count_hidden":0,"_bbp_reply_count_hidden":0,"_bbp_forum_subforum_count":0,"footnotes":""},"categories":[677],"tags":[447,691,583],"class_list":["post-12222","post","type-post","status-publish","format-standard","hentry","category-webs-tematics","tag-alfabetitzacio-informacional","tag-lectura","tag-promocio-de-la-lectura"],"post_mailing_queue_ids":[],"_links":{"self":[{"href":"https:\/\/serveiseducatius.xtec.cat\/bdrlectura\/wp-json\/wp\/v2\/posts\/12222","targetHints":{"allow":["GET"]}}],"collection":[{"href":"https:\/\/serveiseducatius.xtec.cat\/bdrlectura\/wp-json\/wp\/v2\/posts"}],"about":[{"href":"https:\/\/serveiseducatius.xtec.cat\/bdrlectura\/wp-json\/wp\/v2\/types\/post"}],"author":[{"embeddable":true,"href":"https:\/\/serveiseducatius.xtec.cat\/bdrlectura\/wp-json\/wp\/v2\/users\/1"}],"replies":[{"embeddable":true,"href":"https:\/\/serveiseducatius.xtec.cat\/bdrlectura\/wp-json\/wp\/v2\/comments?post=12222"}],"version-history":[{"count":4,"href":"https:\/\/serveiseducatius.xtec.cat\/bdrlectura\/wp-json\/wp\/v2\/posts\/12222\/revisions"}],"predecessor-version":[{"id":15501,"href":"https:\/\/serveiseducatius.xtec.cat\/bdrlectura\/wp-json\/wp\/v2\/posts\/12222\/revisions\/15501"}],"wp:attachment":[{"href":"https:\/\/serveiseducatius.xtec.cat\/bdrlectura\/wp-json\/wp\/v2\/media?parent=12222"}],"wp:term":[{"taxonomy":"category","embeddable":true,"href":"https:\/\/serveiseducatius.xtec.cat\/bdrlectura\/wp-json\/wp\/v2\/categories?post=12222"},{"taxonomy":"post_tag","embeddable":true,"href":"https:\/\/serveiseducatius.xtec.cat\/bdrlectura\/wp-json\/wp\/v2\/tags?post=12222"}],"curies":[{"name":"wp","href":"https:\/\/api.w.org\/{rel}","templated":true}]}}