{"id":12063,"date":"2017-01-31T11:01:28","date_gmt":"2017-01-31T10:01:28","guid":{"rendered":"http:\/\/serveiseducatius.xtec.cat\/bdrlectura\/?p=12063"},"modified":"2020-05-09T14:00:39","modified_gmt":"2020-05-09T12:00:39","slug":"manifest-de-lalbum-il%c2%b7lustrat","status":"publish","type":"post","link":"https:\/\/serveiseducatius.xtec.cat\/bdrlectura\/album-il%c2%b7lustrat\/manifest-de-lalbum-il%c2%b7lustrat\/","title":{"rendered":"Manifest de l&#8217;\u00e0lbum il\u00b7lustrat"},"content":{"rendered":"<h5><img loading=\"lazy\" decoding=\"async\" class=\"alignleft wp-image-12064 size-full\" src=\"http:\/\/serveiseducatius.xtec.cat\/bdrlectura\/wp-content\/uploads\/usu1339\/2017\/05\/manifest_album.jpg\" alt=\"manifest_album\" width=\"210\" height=\"140\" \/><a href=\"https:\/\/drive.google.com\/open?id=1WBfyjyE-ugCzK9FqXSVvGM0__uQLHiOU\" target=\"_blank\" rel=\"noopener noreferrer\">Manifest de l&#8217;\u00e0lbum il\u00b7lustrat<\/a><\/h5>\n<p>Onze raons\u00a0per a l&#8217;\u00e0lbum il\u00b7lustrat, perqu\u00e8 un dec\u00e0leg no \u00e9s suficient, s\u00f3n les que cont\u00e9 aquest\u00a0manifest que es va llegir la primera nit de l&#8217;\u00e0lbum, una festa organitzada per 11 editorials de LIJ el mes de desembre de 2016 a Barcelona.<\/p>\n","protected":false},"excerpt":{"rendered":"<p><a href=\"https:\/\/drive.google.com\/open?id=1WBfyjyE-ugCzK9FqXSVvGM0__uQLHiOU\" target=\"_blank\" rel=\"noopener noreferrer\">Manifest de l&#8217;\u00e0lbum il\u00b7lustrat<\/a><br \/>\nOnze raons\u00a0per a l&#8217;\u00e0lbum il\u00b7lustrat, perqu\u00e8 un dec\u00e0leg no \u00e9s suficient, s\u00f3n les que cont\u00e9 aquest\u00a0manifest que es va llegir la primera nit de l&#8217;\u00e0lbum, una festa organitzada per 11 editorials de LIJ el mes de desembre de&hellip;  <a href=\"https:\/\/serveiseducatius.xtec.cat\/bdrlectura\/album-il%c2%b7lustrat\/manifest-de-lalbum-il%c2%b7lustrat\/\" title=\"Read Manifest de l&#8217;\u00e0lbum il\u00b7lustrat\">Llegeix m\u00e9s\u00bb<\/a><\/p>\n","protected":false},"author":1,"featured_media":12064,"comment_status":"open","ping_status":"closed","sticky":false,"template":"","format":"standard","meta":{"_bbp_topic_count":0,"_bbp_reply_count":0,"_bbp_total_topic_count":0,"_bbp_total_reply_count":0,"_bbp_voice_count":0,"_bbp_anonymous_reply_count":0,"_bbp_topic_count_hidden":0,"_bbp_reply_count_hidden":0,"_bbp_forum_subforum_count":0,"footnotes":""},"categories":[456],"tags":[428,623,454],"class_list":["post-12063","post","type-post","status-publish","format-standard","has-post-thumbnail","hentry","category-album-illustrat","tag-album-illustrat","tag-editorials","tag-literatura-infantil-i-juvenil"],"post_mailing_queue_ids":[],"_links":{"self":[{"href":"https:\/\/serveiseducatius.xtec.cat\/bdrlectura\/wp-json\/wp\/v2\/posts\/12063","targetHints":{"allow":["GET"]}}],"collection":[{"href":"https:\/\/serveiseducatius.xtec.cat\/bdrlectura\/wp-json\/wp\/v2\/posts"}],"about":[{"href":"https:\/\/serveiseducatius.xtec.cat\/bdrlectura\/wp-json\/wp\/v2\/types\/post"}],"author":[{"embeddable":true,"href":"https:\/\/serveiseducatius.xtec.cat\/bdrlectura\/wp-json\/wp\/v2\/users\/1"}],"replies":[{"embeddable":true,"href":"https:\/\/serveiseducatius.xtec.cat\/bdrlectura\/wp-json\/wp\/v2\/comments?post=12063"}],"version-history":[{"count":3,"href":"https:\/\/serveiseducatius.xtec.cat\/bdrlectura\/wp-json\/wp\/v2\/posts\/12063\/revisions"}],"predecessor-version":[{"id":15717,"href":"https:\/\/serveiseducatius.xtec.cat\/bdrlectura\/wp-json\/wp\/v2\/posts\/12063\/revisions\/15717"}],"wp:featuredmedia":[{"embeddable":true,"href":"https:\/\/serveiseducatius.xtec.cat\/bdrlectura\/wp-json\/wp\/v2\/media\/12064"}],"wp:attachment":[{"href":"https:\/\/serveiseducatius.xtec.cat\/bdrlectura\/wp-json\/wp\/v2\/media?parent=12063"}],"wp:term":[{"taxonomy":"category","embeddable":true,"href":"https:\/\/serveiseducatius.xtec.cat\/bdrlectura\/wp-json\/wp\/v2\/categories?post=12063"},{"taxonomy":"post_tag","embeddable":true,"href":"https:\/\/serveiseducatius.xtec.cat\/bdrlectura\/wp-json\/wp\/v2\/tags?post=12063"}],"curies":[{"name":"wp","href":"https:\/\/api.w.org\/{rel}","templated":true}]}}