{"id":11587,"date":"2017-01-21T09:04:11","date_gmt":"2017-01-21T08:04:11","guid":{"rendered":"http:\/\/serveiseducatius.xtec.cat\/bdrlectura\/?p=11587"},"modified":"2020-05-30T11:18:43","modified_gmt":"2020-05-30T09:18:43","slug":"maleta-dart","status":"publish","type":"post","link":"https:\/\/serveiseducatius.xtec.cat\/bdrlectura\/maletes-tematiques\/maleta-dart\/","title":{"rendered":"Art"},"content":{"rendered":"<h5><img loading=\"lazy\" decoding=\"async\" class=\"alignleft wp-image-11588 size-full\" src=\"http:\/\/serveiseducatius.xtec.cat\/bdrlectura\/wp-content\/uploads\/usu1339\/2017\/01\/maletaart.png\" alt=\"maletaart\" width=\"210\" height=\"140\" \/>Art<\/h5>\n<p>Bibliomaletes amb un conjunt variat d&#8217;obres que permeten disposar d\u2019una informaci\u00f3 \u00e0mplia i diversa per acompanyar el desplegament de qualsevol projecte que tingui la creaci\u00f3 art\u00edstica com a eix vertebrador. <a href=\"http:\/\/serveiseducatius.xtec.cat\/baixllobregat6\/portada\/una-nova-maleta-de-lectura-la-maleta-dart\/\" target=\"_blank\" rel=\"noopener noreferrer\">CRP Baix Llobregat VI<\/a>, <a href=\"https:\/\/drive.google.com\/file\/d\/0B_whHTCas5XrWGVWY0UzVW1kZEE\/view\" target=\"_blank\" rel=\"noopener noreferrer\">CRP Sant Mart\u00ed<\/a><\/p>\n","protected":false},"excerpt":{"rendered":"<p>Art<br \/>\nBibliomaletes amb un conjunt variat d&#8217;obres que permeten disposar d\u2019una informaci\u00f3 \u00e0mplia i diversa per acompanyar el desplegament de qualsevol projecte que tingui la creaci\u00f3 art\u00edstica com a eix vertebrador. <a href=\"http:\/\/serveiseducatius.xtec.cat\/baixllobregat6\/portada\/una-nova-maleta-de-lectura-la-maleta-dart\/\" target=\"_blank\" rel=\"noopener noreferrer\">CRP Baix Llobregat VI<\/a>, <a href=\"https:\/\/drive.google.com\/file\/d\/0B_whHTCas5XrWGVWY0UzVW1kZEE\/view\" target=\"_blank\" rel=\"noopener noreferrer\">CRP Sant Mart\u00ed<\/a><\/p>\n","protected":false},"author":1,"featured_media":11588,"comment_status":"open","ping_status":"closed","sticky":false,"template":"","format":"standard","meta":{"_bbp_topic_count":0,"_bbp_reply_count":0,"_bbp_total_topic_count":0,"_bbp_total_reply_count":0,"_bbp_voice_count":0,"_bbp_anonymous_reply_count":0,"_bbp_topic_count_hidden":0,"_bbp_reply_count_hidden":0,"_bbp_forum_subforum_count":0,"footnotes":""},"categories":[421],"tags":[428,479,423,384,622,511,534,433],"class_list":["post-11587","post","type-post","status-publish","format-standard","has-post-thumbnail","hentry","category-maletes-tematiques","tag-album-illustrat","tag-art","tag-bibliomaleta","tag-contes-i-narracions","tag-educacio-infantil","tag-educacio-primaria","tag-educacio-visual-i-plastica","tag-llibres-de-coneixements"],"post_mailing_queue_ids":[],"_links":{"self":[{"href":"https:\/\/serveiseducatius.xtec.cat\/bdrlectura\/wp-json\/wp\/v2\/posts\/11587","targetHints":{"allow":["GET"]}}],"collection":[{"href":"https:\/\/serveiseducatius.xtec.cat\/bdrlectura\/wp-json\/wp\/v2\/posts"}],"about":[{"href":"https:\/\/serveiseducatius.xtec.cat\/bdrlectura\/wp-json\/wp\/v2\/types\/post"}],"author":[{"embeddable":true,"href":"https:\/\/serveiseducatius.xtec.cat\/bdrlectura\/wp-json\/wp\/v2\/users\/1"}],"replies":[{"embeddable":true,"href":"https:\/\/serveiseducatius.xtec.cat\/bdrlectura\/wp-json\/wp\/v2\/comments?post=11587"}],"version-history":[{"count":3,"href":"https:\/\/serveiseducatius.xtec.cat\/bdrlectura\/wp-json\/wp\/v2\/posts\/11587\/revisions"}],"predecessor-version":[{"id":16222,"href":"https:\/\/serveiseducatius.xtec.cat\/bdrlectura\/wp-json\/wp\/v2\/posts\/11587\/revisions\/16222"}],"wp:featuredmedia":[{"embeddable":true,"href":"https:\/\/serveiseducatius.xtec.cat\/bdrlectura\/wp-json\/wp\/v2\/media\/11588"}],"wp:attachment":[{"href":"https:\/\/serveiseducatius.xtec.cat\/bdrlectura\/wp-json\/wp\/v2\/media?parent=11587"}],"wp:term":[{"taxonomy":"category","embeddable":true,"href":"https:\/\/serveiseducatius.xtec.cat\/bdrlectura\/wp-json\/wp\/v2\/categories?post=11587"},{"taxonomy":"post_tag","embeddable":true,"href":"https:\/\/serveiseducatius.xtec.cat\/bdrlectura\/wp-json\/wp\/v2\/tags?post=11587"}],"curies":[{"name":"wp","href":"https:\/\/api.w.org\/{rel}","templated":true}]}}