{"id":11496,"date":"2016-12-16T20:50:56","date_gmt":"2016-12-16T19:50:56","guid":{"rendered":"http:\/\/serveiseducatius.xtec.cat\/bdrlectura\/?p=11496"},"modified":"2017-07-11T10:29:53","modified_gmt":"2017-07-11T08:29:53","slug":"leamos-juntos-orientaciones-para-fomentar-la-lectura-en-familia","status":"publish","type":"post","link":"https:\/\/serveiseducatius.xtec.cat\/bdrlectura\/lectura-i-familia\/leamos-juntos-orientaciones-para-fomentar-la-lectura-en-familia\/","title":{"rendered":"Leamos juntos. Orientaciones para fomentar la lectura en familia"},"content":{"rendered":"<h5><a href=\"https:\/\/drive.google.com\/file\/d\/0Bxc0clOTfVXrRWpkRVRqTzBVZ00\/view?usp=sharing\" target=\"_blank\" rel=\"noopener noreferrer\"><img loading=\"lazy\" decoding=\"async\" class=\"alignleft wp-image-11500 size-full\" src=\"http:\/\/serveiseducatius.xtec.cat\/bdrlectura\/wp-content\/uploads\/usu1339\/2016\/12\/leamosjuntos-1.png\" alt=\"leamosjuntos\" width=\"210\" height=\"140\" \/>Leamos juntos. Orientaciones para fomentar la lectura en familia<\/a><\/h5>\n<p>Document elaborat pel CRA-Bibliotecas escolares de Xile on es guia als pares per al foment de la lectura en l&#8217;\u00e0mbit familiar. Es presenten experi\u00e8ncies reeixides i s&#8217;aporten activitats f\u00e0cils de dur a terme.<\/p>\n","protected":false},"excerpt":{"rendered":"<p><a href=\"https:\/\/drive.google.com\/file\/d\/0Bxc0clOTfVXrRWpkRVRqTzBVZ00\/view?usp=sharing\" target=\"_blank\" rel=\"noopener noreferrer\">Leamos juntos. Orientaciones para fomentar la lectura en familia<\/a><br \/>\nDocument elaborat pel CRA-Bibliotecas escolares de Xile on es guia als pares per al foment de la lectura en l&#8217;\u00e0mbit familiar. Es presenten experi\u00e8ncies reeixides i s&#8217;aporten activitats f\u00e0cils de dur a terme.<\/p>\n","protected":false},"author":1,"featured_media":11500,"comment_status":"open","ping_status":"closed","sticky":false,"template":"","format":"standard","meta":{"_bbp_topic_count":0,"_bbp_reply_count":0,"_bbp_total_topic_count":0,"_bbp_total_reply_count":0,"_bbp_voice_count":0,"_bbp_anonymous_reply_count":0,"_bbp_topic_count_hidden":0,"_bbp_reply_count_hidden":0,"_bbp_forum_subforum_count":0,"footnotes":""},"categories":[460],"tags":[692,693,634,507,691,380],"class_list":["post-11496","post","type-post","status-publish","format-standard","has-post-thumbnail","hentry","category-lectura-i-familia","tag-competencia-linguistica","tag-dimensio-literaria","tag-families","tag-habit-lector","tag-lectura","tag-lectura-i-familia"],"post_mailing_queue_ids":[],"_links":{"self":[{"href":"https:\/\/serveiseducatius.xtec.cat\/bdrlectura\/wp-json\/wp\/v2\/posts\/11496","targetHints":{"allow":["GET"]}}],"collection":[{"href":"https:\/\/serveiseducatius.xtec.cat\/bdrlectura\/wp-json\/wp\/v2\/posts"}],"about":[{"href":"https:\/\/serveiseducatius.xtec.cat\/bdrlectura\/wp-json\/wp\/v2\/types\/post"}],"author":[{"embeddable":true,"href":"https:\/\/serveiseducatius.xtec.cat\/bdrlectura\/wp-json\/wp\/v2\/users\/1"}],"replies":[{"embeddable":true,"href":"https:\/\/serveiseducatius.xtec.cat\/bdrlectura\/wp-json\/wp\/v2\/comments?post=11496"}],"version-history":[{"count":3,"href":"https:\/\/serveiseducatius.xtec.cat\/bdrlectura\/wp-json\/wp\/v2\/posts\/11496\/revisions"}],"predecessor-version":[{"id":12272,"href":"https:\/\/serveiseducatius.xtec.cat\/bdrlectura\/wp-json\/wp\/v2\/posts\/11496\/revisions\/12272"}],"wp:featuredmedia":[{"embeddable":true,"href":"https:\/\/serveiseducatius.xtec.cat\/bdrlectura\/wp-json\/wp\/v2\/media\/11500"}],"wp:attachment":[{"href":"https:\/\/serveiseducatius.xtec.cat\/bdrlectura\/wp-json\/wp\/v2\/media?parent=11496"}],"wp:term":[{"taxonomy":"category","embeddable":true,"href":"https:\/\/serveiseducatius.xtec.cat\/bdrlectura\/wp-json\/wp\/v2\/categories?post=11496"},{"taxonomy":"post_tag","embeddable":true,"href":"https:\/\/serveiseducatius.xtec.cat\/bdrlectura\/wp-json\/wp\/v2\/tags?post=11496"}],"curies":[{"name":"wp","href":"https:\/\/api.w.org\/{rel}","templated":true}]}}