{"id":11285,"date":"2022-04-08T10:48:05","date_gmt":"2022-04-08T08:48:05","guid":{"rendered":"http:\/\/serveiseducatius.xtec.cat\/bdrlectura\/?p=11285"},"modified":"2022-11-14T13:53:06","modified_gmt":"2022-11-14T12:53:06","slug":"leer-es","status":"publish","type":"post","link":"https:\/\/serveiseducatius.xtec.cat\/bdrlectura\/practiques-educatives-el\/leer-es\/","title":{"rendered":"Leer.es"},"content":{"rendered":"<h5><img loading=\"lazy\" decoding=\"async\" class=\"alignleft wp-image-11292 size-full\" src=\"http:\/\/serveiseducatius.xtec.cat\/bdrlectura\/wp-content\/uploads\/usu1339\/2016\/11\/web-tem-10.jpg\" alt=\"web-tem-10\" width=\"210\" height=\"140\" \/><a href=\"https:\/\/leer.es\/\" target=\"_blank\" rel=\"noopener noreferrer\">Leer.es<\/a><\/h5>\n<p>Portal creat pel Ministerio de Educaci\u00f3n amb l&#8217;objectiu de fomentar la lectura entre els infants i la joventut, en totes les \u00e0rees i en tots els formats. S&#8217;hi troben recursos, bones pr\u00e0ctiques, informacions, projectes&#8230;, tant de l&#8217;Estat espanyol com d&#8217;Europa i Am\u00e8rica.<\/p>\n","protected":false},"excerpt":{"rendered":"<p><a href=\"https:\/\/leer.es\/\" target=\"_blank\" rel=\"noopener noreferrer\">Leer.es<\/a><br \/>\nPortal creat pel Ministerio de Educaci\u00f3n amb l&#8217;objectiu de fomentar la lectura entre els infants i la joventut, en totes les \u00e0rees i en tots els formats. S&#8217;hi troben recursos, bones pr\u00e0ctiques, informacions, projectes&#8230;, tant de l&#8217;Estat espanyol com d&#8217;Europa i&hellip;  <a href=\"https:\/\/serveiseducatius.xtec.cat\/bdrlectura\/practiques-educatives-el\/leer-es\/\" title=\"Read Leer.es\">Llegeix m\u00e9s\u00bb<\/a><\/p>\n","protected":false},"author":1,"featured_media":11292,"comment_status":"open","ping_status":"closed","sticky":false,"template":"","format":"standard","meta":{"_bbp_topic_count":0,"_bbp_reply_count":0,"_bbp_total_topic_count":0,"_bbp_total_reply_count":0,"_bbp_voice_count":0,"_bbp_anonymous_reply_count":0,"_bbp_topic_count_hidden":0,"_bbp_reply_count_hidden":0,"_bbp_forum_subforum_count":0,"footnotes":""},"categories":[614,677],"tags":[378,497,382,679],"class_list":["post-11285","post","type-post","status-publish","format-standard","has-post-thumbnail","hentry","category-practiques-educatives-el","category-webs-tematics","tag-animacio-de-la-lectura","tag-biblioteca-escolar","tag-multimedia-i-audiovisuals","tag-pagines-institucionals"],"post_mailing_queue_ids":[],"_links":{"self":[{"href":"https:\/\/serveiseducatius.xtec.cat\/bdrlectura\/wp-json\/wp\/v2\/posts\/11285","targetHints":{"allow":["GET"]}}],"collection":[{"href":"https:\/\/serveiseducatius.xtec.cat\/bdrlectura\/wp-json\/wp\/v2\/posts"}],"about":[{"href":"https:\/\/serveiseducatius.xtec.cat\/bdrlectura\/wp-json\/wp\/v2\/types\/post"}],"author":[{"embeddable":true,"href":"https:\/\/serveiseducatius.xtec.cat\/bdrlectura\/wp-json\/wp\/v2\/users\/1"}],"replies":[{"embeddable":true,"href":"https:\/\/serveiseducatius.xtec.cat\/bdrlectura\/wp-json\/wp\/v2\/comments?post=11285"}],"version-history":[{"count":4,"href":"https:\/\/serveiseducatius.xtec.cat\/bdrlectura\/wp-json\/wp\/v2\/posts\/11285\/revisions"}],"predecessor-version":[{"id":17805,"href":"https:\/\/serveiseducatius.xtec.cat\/bdrlectura\/wp-json\/wp\/v2\/posts\/11285\/revisions\/17805"}],"wp:featuredmedia":[{"embeddable":true,"href":"https:\/\/serveiseducatius.xtec.cat\/bdrlectura\/wp-json\/wp\/v2\/media\/11292"}],"wp:attachment":[{"href":"https:\/\/serveiseducatius.xtec.cat\/bdrlectura\/wp-json\/wp\/v2\/media?parent=11285"}],"wp:term":[{"taxonomy":"category","embeddable":true,"href":"https:\/\/serveiseducatius.xtec.cat\/bdrlectura\/wp-json\/wp\/v2\/categories?post=11285"},{"taxonomy":"post_tag","embeddable":true,"href":"https:\/\/serveiseducatius.xtec.cat\/bdrlectura\/wp-json\/wp\/v2\/tags?post=11285"}],"curies":[{"name":"wp","href":"https:\/\/api.w.org\/{rel}","templated":true}]}}