{"id":11255,"date":"2016-12-23T17:45:47","date_gmt":"2016-12-23T16:45:47","guid":{"rendered":"http:\/\/serveiseducatius.xtec.cat\/bdrlectura\/?p=11255"},"modified":"2018-06-14T21:11:10","modified_gmt":"2018-06-14T19:11:10","slug":"%ef%bb%bfbibliotecas-escolares-de-galicia","status":"publish","type":"post","link":"https:\/\/serveiseducatius.xtec.cat\/bdrlectura\/webs-tematics\/%ef%bb%bfbibliotecas-escolares-de-galicia\/","title":{"rendered":"\ufeffBibliotecas escolares de Galicia"},"content":{"rendered":"<h5><strong><img loading=\"lazy\" decoding=\"async\" class=\"alignleft wp-image-11256 size-full\" src=\"http:\/\/serveiseducatius.xtec.cat\/bdrlectura\/wp-content\/uploads\/usu1339\/2016\/11\/web-tem-4.jpg\" alt=\"web-tem-4\" width=\"210\" height=\"140\" \/><a href=\"http:\/\/www.edu.xunta.es\/biblioteca\/blog\/\" target=\"_blank\" rel=\"noopener noreferrer\">Bibliotecas Escolares de Galicia<\/a><\/strong><\/h5>\n<p>Portal de les biblioteques escolars de la Conseller\u00eda de Cultura, Educaci\u00f3n e Ordenaci\u00f3n Universitaria de la Xunta de Galicia. Cont\u00e9 un banc d&#8217;experi\u00e8ncies, documents de refer\u00e8ncia, recursos i un pla de millora,\u00a0que es desenvolupa cada curs, per a les biblioteques dels centres educatius.<\/p>\n","protected":false},"excerpt":{"rendered":"<p><a href=\"http:\/\/www.edu.xunta.es\/biblioteca\/blog\/\" target=\"_blank\" rel=\"noopener noreferrer\">Bibliotecas Escolares de Galicia<\/a><br \/>\nPortal de les biblioteques escolars de la Conseller\u00eda de Cultura, Educaci\u00f3n e Ordenaci\u00f3n Universitaria de la Xunta de Galicia. Cont\u00e9 un banc d&#8217;experi\u00e8ncies, documents de refer\u00e8ncia, recursos i un pla de millora,\u00a0que es desenvolupa cada curs, per a&hellip;  <a href=\"https:\/\/serveiseducatius.xtec.cat\/bdrlectura\/webs-tematics\/%ef%bb%bfbibliotecas-escolares-de-galicia\/\" title=\"Read \ufeffBibliotecas escolares de Galicia\">Llegeix m\u00e9s\u00bb<\/a><\/p>\n","protected":false},"author":1,"featured_media":11256,"comment_status":"open","ping_status":"closed","sticky":false,"template":"","format":"standard","meta":{"_bbp_topic_count":0,"_bbp_reply_count":0,"_bbp_total_topic_count":0,"_bbp_total_reply_count":0,"_bbp_voice_count":0,"_bbp_anonymous_reply_count":0,"_bbp_topic_count_hidden":0,"_bbp_reply_count_hidden":0,"_bbp_forum_subforum_count":0,"footnotes":""},"categories":[677],"tags":[497,495,679],"class_list":["post-11255","post","type-post","status-publish","format-standard","has-post-thumbnail","hentry","category-webs-tematics","tag-biblioteca-escolar","tag-comunitats-autonomes","tag-pagines-institucionals"],"post_mailing_queue_ids":[],"_links":{"self":[{"href":"https:\/\/serveiseducatius.xtec.cat\/bdrlectura\/wp-json\/wp\/v2\/posts\/11255","targetHints":{"allow":["GET"]}}],"collection":[{"href":"https:\/\/serveiseducatius.xtec.cat\/bdrlectura\/wp-json\/wp\/v2\/posts"}],"about":[{"href":"https:\/\/serveiseducatius.xtec.cat\/bdrlectura\/wp-json\/wp\/v2\/types\/post"}],"author":[{"embeddable":true,"href":"https:\/\/serveiseducatius.xtec.cat\/bdrlectura\/wp-json\/wp\/v2\/users\/1"}],"replies":[{"embeddable":true,"href":"https:\/\/serveiseducatius.xtec.cat\/bdrlectura\/wp-json\/wp\/v2\/comments?post=11255"}],"version-history":[{"count":3,"href":"https:\/\/serveiseducatius.xtec.cat\/bdrlectura\/wp-json\/wp\/v2\/posts\/11255\/revisions"}],"predecessor-version":[{"id":13465,"href":"https:\/\/serveiseducatius.xtec.cat\/bdrlectura\/wp-json\/wp\/v2\/posts\/11255\/revisions\/13465"}],"wp:featuredmedia":[{"embeddable":true,"href":"https:\/\/serveiseducatius.xtec.cat\/bdrlectura\/wp-json\/wp\/v2\/media\/11256"}],"wp:attachment":[{"href":"https:\/\/serveiseducatius.xtec.cat\/bdrlectura\/wp-json\/wp\/v2\/media?parent=11255"}],"wp:term":[{"taxonomy":"category","embeddable":true,"href":"https:\/\/serveiseducatius.xtec.cat\/bdrlectura\/wp-json\/wp\/v2\/categories?post=11255"},{"taxonomy":"post_tag","embeddable":true,"href":"https:\/\/serveiseducatius.xtec.cat\/bdrlectura\/wp-json\/wp\/v2\/tags?post=11255"}],"curies":[{"name":"wp","href":"https:\/\/api.w.org\/{rel}","templated":true}]}}