{"id":10995,"date":"2016-11-13T22:28:12","date_gmt":"2016-11-13T21:28:12","guid":{"rendered":"http:\/\/serveiseducatius.xtec.cat\/bdrlectura\/?p=10995"},"modified":"2020-05-10T20:11:43","modified_gmt":"2020-05-10T18:11:43","slug":"mes-enlla-del-mon-ciencia-ficcio-i-literatura-fantastica","status":"publish","type":"post","link":"https:\/\/serveiseducatius.xtec.cat\/bdrlectura\/seleccions-tematiques\/mes-enlla-del-mon-ciencia-ficcio-i-literatura-fantastica\/","title":{"rendered":"M\u00e9s enll\u00e0 del m\u00f3n. Ci\u00e8ncia-ficci\u00f3 i literatura fant\u00e0stica"},"content":{"rendered":"<h5><img loading=\"lazy\" decoding=\"async\" class=\"alignleft wp-image-10996 size-full\" src=\"http:\/\/serveiseducatius.xtec.cat\/bdrlectura\/wp-content\/uploads\/usu1339\/2016\/11\/ciencia_ficcio.jpg\" alt=\"ciencia_ficcio\" width=\"210\" height=\"140\" \/><a href=\"http:\/\/biblioteques.gencat.cat\/web\/.content\/tematic\/noticies\/2016\/documents\/Mes-enlla-del-mon.pdf\" target=\"_blank\" rel=\"noopener noreferrer\">M\u00e9s enll\u00e0 del m\u00f3n. Ci\u00e8ncia-ficci\u00f3 i literatura fant\u00e0stica<\/a><\/h5>\n<p>Bibliografia b\u00e0sica amb els t\u00edtols imprescindibles en el m\u00f3n de la literatura fant\u00e0stica i de ci\u00e8ncia-ficci\u00f3, elaborada pel <a href=\"https:\/\/biblioteques.gencat.cat\/ca\/professionals\/bibliografies\/\" target=\"_blank\" rel=\"noopener noreferrer\">Servei de Biblioteques<\/a> de la Generalitat de Catalunya. La selecci\u00f3 inclou ficci\u00f3 d&#8217;adults, ficci\u00f3 per a joves i c\u00f2mics (novembre 2016).<\/p>\n","protected":false},"excerpt":{"rendered":"<p><a href=\"http:\/\/biblioteques.gencat.cat\/web\/.content\/tematic\/noticies\/2016\/documents\/Mes-enlla-del-mon.pdf\" target=\"_blank\" rel=\"noopener noreferrer\">M\u00e9s enll\u00e0 del m\u00f3n. Ci\u00e8ncia-ficci\u00f3 i literatura fant\u00e0stica<\/a><br \/>\nBibliografia b\u00e0sica amb els t\u00edtols imprescindibles en el m\u00f3n de la literatura fant\u00e0stica i de ci\u00e8ncia-ficci\u00f3, elaborada pel <a href=\"https:\/\/biblioteques.gencat.cat\/ca\/professionals\/bibliografies\/\" target=\"_blank\" rel=\"noopener noreferrer\">Servei de Biblioteques<\/a> de la Generalitat de Catalunya. La selecci\u00f3 inclou ficci\u00f3&hellip;  <a href=\"https:\/\/serveiseducatius.xtec.cat\/bdrlectura\/seleccions-tematiques\/mes-enlla-del-mon-ciencia-ficcio-i-literatura-fantastica\/\" title=\"Read M\u00e9s enll\u00e0 del m\u00f3n. Ci\u00e8ncia-ficci\u00f3 i literatura fant\u00e0stica\">Llegeix m\u00e9s\u00bb<\/a><\/p>\n","protected":false},"author":1,"featured_media":0,"comment_status":"open","ping_status":"closed","sticky":false,"template":"","format":"standard","meta":{"_bbp_topic_count":0,"_bbp_reply_count":0,"_bbp_total_topic_count":0,"_bbp_total_reply_count":0,"_bbp_voice_count":0,"_bbp_anonymous_reply_count":0,"_bbp_topic_count_hidden":0,"_bbp_reply_count_hidden":0,"_bbp_forum_subforum_count":0,"footnotes":""},"categories":[334],"tags":[553,667,555],"class_list":["post-10995","post","type-post","status-publish","format-standard","hentry","category-seleccions-tematiques","tag-bibliografia-basica","tag-ciencia-ficcio","tag-recomanacions-literaries"],"post_mailing_queue_ids":[],"_links":{"self":[{"href":"https:\/\/serveiseducatius.xtec.cat\/bdrlectura\/wp-json\/wp\/v2\/posts\/10995","targetHints":{"allow":["GET"]}}],"collection":[{"href":"https:\/\/serveiseducatius.xtec.cat\/bdrlectura\/wp-json\/wp\/v2\/posts"}],"about":[{"href":"https:\/\/serveiseducatius.xtec.cat\/bdrlectura\/wp-json\/wp\/v2\/types\/post"}],"author":[{"embeddable":true,"href":"https:\/\/serveiseducatius.xtec.cat\/bdrlectura\/wp-json\/wp\/v2\/users\/1"}],"replies":[{"embeddable":true,"href":"https:\/\/serveiseducatius.xtec.cat\/bdrlectura\/wp-json\/wp\/v2\/comments?post=10995"}],"version-history":[{"count":3,"href":"https:\/\/serveiseducatius.xtec.cat\/bdrlectura\/wp-json\/wp\/v2\/posts\/10995\/revisions"}],"predecessor-version":[{"id":15844,"href":"https:\/\/serveiseducatius.xtec.cat\/bdrlectura\/wp-json\/wp\/v2\/posts\/10995\/revisions\/15844"}],"wp:attachment":[{"href":"https:\/\/serveiseducatius.xtec.cat\/bdrlectura\/wp-json\/wp\/v2\/media?parent=10995"}],"wp:term":[{"taxonomy":"category","embeddable":true,"href":"https:\/\/serveiseducatius.xtec.cat\/bdrlectura\/wp-json\/wp\/v2\/categories?post=10995"},{"taxonomy":"post_tag","embeddable":true,"href":"https:\/\/serveiseducatius.xtec.cat\/bdrlectura\/wp-json\/wp\/v2\/tags?post=10995"}],"curies":[{"name":"wp","href":"https:\/\/api.w.org\/{rel}","templated":true}]}}