{"id":10767,"date":"2016-10-25T18:35:57","date_gmt":"2016-10-25T16:35:57","guid":{"rendered":"http:\/\/serveiseducatius.xtec.cat\/bdrlectura\/?p=10767"},"modified":"2016-10-25T18:35:57","modified_gmt":"2016-10-25T16:35:57","slug":"els-albums-i-els-llibres-il%c2%b7lustrats-una-descoberta-diverses-veus","status":"publish","type":"post","link":"https:\/\/serveiseducatius.xtec.cat\/bdrlectura\/album-il%c2%b7lustrat\/els-albums-i-els-llibres-il%c2%b7lustrats-una-descoberta-diverses-veus\/","title":{"rendered":"Els \u00e0lbums i els llibres il\u00b7lustrats: una descoberta, diverses veus"},"content":{"rendered":"<h5><img loading=\"lazy\" decoding=\"async\" class=\"alignleft wp-image-10768 size-full\" src=\"http:\/\/serveiseducatius.xtec.cat\/bdrlectura\/wp-content\/uploads\/usu1339\/2016\/10\/albums.jpg\" alt=\"albums\" width=\"210\" height=\"140\" \/><a href=\"http:\/\/xtec.gencat.cat\/web\/.content\/alfresco\/d\/d\/workspace\/SpacesStore\/0061\/8a244715-1333-4a23-adcc-735622e229f8\/albums_illustrat.pdf\" target=\"_blank\">Els \u00e0lbums i els llibres il\u00b7lustrats: una descoberta, diverses veus<\/a><\/h5>\n<p>Dossier\u00a0did\u00e0ctic que vol ser una eina \u00fatil per al professorat per afavorir la reflexi\u00f3 sobre els aprenentatges que poden fer els infants i joves a trav\u00e9s de la lectura dels \u00e0lbums i els\u00a0llibres il\u00b7lustrats.<\/p>\n","protected":false},"excerpt":{"rendered":"<p><a href=\"http:\/\/xtec.gencat.cat\/web\/.content\/alfresco\/d\/d\/workspace\/SpacesStore\/0061\/8a244715-1333-4a23-adcc-735622e229f8\/albums_illustrat.pdf\" target=\"_blank\">Els \u00e0lbums i els llibres il\u00b7lustrats: una descoberta, diverses veus<\/a><br \/>\nDossier\u00a0did\u00e0ctic que vol ser una eina \u00fatil per al professorat per afavorir la reflexi\u00f3 sobre els aprenentatges que poden fer els infants i joves a trav\u00e9s de la lectura dels \u00e0lbums i els\u00a0llibres il\u00b7lustrats.<\/p>\n","protected":false},"author":1,"featured_media":0,"comment_status":"open","ping_status":"open","sticky":false,"template":"","format":"standard","meta":{"_bbp_topic_count":0,"_bbp_reply_count":0,"_bbp_total_topic_count":0,"_bbp_total_reply_count":0,"_bbp_voice_count":0,"_bbp_anonymous_reply_count":0,"_bbp_topic_count_hidden":0,"_bbp_reply_count_hidden":0,"_bbp_forum_subforum_count":0,"footnotes":""},"categories":[456,610],"tags":[428,581,622,511,449,454],"class_list":["post-10767","post","type-post","status-publish","format-standard","hentry","category-album-illustrat","category-propostes-didactiques-el","tag-album-illustrat","tag-competencia-lectora","tag-educacio-infantil","tag-educacio-primaria","tag-educacio-secundaria","tag-literatura-infantil-i-juvenil"],"post_mailing_queue_ids":[],"_links":{"self":[{"href":"https:\/\/serveiseducatius.xtec.cat\/bdrlectura\/wp-json\/wp\/v2\/posts\/10767","targetHints":{"allow":["GET"]}}],"collection":[{"href":"https:\/\/serveiseducatius.xtec.cat\/bdrlectura\/wp-json\/wp\/v2\/posts"}],"about":[{"href":"https:\/\/serveiseducatius.xtec.cat\/bdrlectura\/wp-json\/wp\/v2\/types\/post"}],"author":[{"embeddable":true,"href":"https:\/\/serveiseducatius.xtec.cat\/bdrlectura\/wp-json\/wp\/v2\/users\/1"}],"replies":[{"embeddable":true,"href":"https:\/\/serveiseducatius.xtec.cat\/bdrlectura\/wp-json\/wp\/v2\/comments?post=10767"}],"version-history":[{"count":1,"href":"https:\/\/serveiseducatius.xtec.cat\/bdrlectura\/wp-json\/wp\/v2\/posts\/10767\/revisions"}],"predecessor-version":[{"id":10769,"href":"https:\/\/serveiseducatius.xtec.cat\/bdrlectura\/wp-json\/wp\/v2\/posts\/10767\/revisions\/10769"}],"wp:attachment":[{"href":"https:\/\/serveiseducatius.xtec.cat\/bdrlectura\/wp-json\/wp\/v2\/media?parent=10767"}],"wp:term":[{"taxonomy":"category","embeddable":true,"href":"https:\/\/serveiseducatius.xtec.cat\/bdrlectura\/wp-json\/wp\/v2\/categories?post=10767"},{"taxonomy":"post_tag","embeddable":true,"href":"https:\/\/serveiseducatius.xtec.cat\/bdrlectura\/wp-json\/wp\/v2\/tags?post=10767"}],"curies":[{"name":"wp","href":"https:\/\/api.w.org\/{rel}","templated":true}]}}