{"id":10664,"date":"2016-10-20T21:57:03","date_gmt":"2016-10-20T20:57:03","guid":{"rendered":"http:\/\/serveiseducatius.xtec.cat\/bdrlectura\/?p=10664"},"modified":"2016-10-21T08:11:06","modified_gmt":"2016-10-21T07:11:06","slug":"guia-de-evaluacion-de-destrezas-lectoras-de-educacion-primaria","status":"publish","type":"post","link":"https:\/\/serveiseducatius.xtec.cat\/bdrlectura\/avaluacio-de-la-comprensio-lectora\/guia-de-evaluacion-de-destrezas-lectoras-de-educacion-primaria\/","title":{"rendered":"Guia de evaluaci\u00f3n de destrezas lectoras de Educaci\u00f3n Primaria"},"content":{"rendered":"<h5><img loading=\"lazy\" decoding=\"async\" class=\"alignleft wp-image-10665 size-full\" src=\"http:\/\/serveiseducatius.xtec.cat\/bdrlectura\/wp-content\/uploads\/usu1339\/2016\/10\/andalucia.jpg\" alt=\"andalucia\" width=\"210\" height=\"140\" \/><a href=\"http:\/\/orientacionandujar.files.wordpress.com\/2008\/11\/agaeve_-guc3ada-de-evaluacic3b3n-sobre-destrezas-lectoras-para-el-alumnado-de-educacic3b3n-primaria.pdf\" target=\"_blank\">Guia de evaluaci\u00f3n de destrezas lectoras de Educaci\u00f3n Primaria<\/a><\/h5>\n<p>Recopilaci\u00f3 d\u2019instruments per a l\u2019avaluaci\u00f3 peri\u00f2dica de la comprensi\u00f3 lectora. Aquest document ha estat elaborat per l\u2019 Agencia Andaluza de Evaluaci\u00f3n Educativa de la Consejeria de Educaci\u00f3n de la Junta de Andaluc\u00eda.<\/p>\n","protected":false},"excerpt":{"rendered":"<p><a href=\"http:\/\/orientacionandujar.files.wordpress.com\/2008\/11\/agaeve_-guc3ada-de-evaluacic3b3n-sobre-destrezas-lectoras-para-el-alumnado-de-educacic3b3n-primaria.pdf\" target=\"_blank\">Guia de evaluaci\u00f3n de destrezas lectoras de Educaci\u00f3n Primaria<\/a><br \/>\nRecopilaci\u00f3 d\u2019instruments per a l\u2019avaluaci\u00f3 peri\u00f2dica de la comprensi\u00f3 lectora. Aquest document ha estat elaborat per l\u2019 Agencia Andaluza de Evaluaci\u00f3n Educativa de la Consejeria de Educaci\u00f3n de la Junta de Andaluc\u00eda.<\/p>\n","protected":false},"author":1,"featured_media":0,"comment_status":"open","ping_status":"open","sticky":false,"template":"","format":"standard","meta":{"_bbp_topic_count":0,"_bbp_reply_count":0,"_bbp_total_topic_count":0,"_bbp_total_reply_count":0,"_bbp_voice_count":0,"_bbp_anonymous_reply_count":0,"_bbp_topic_count_hidden":0,"_bbp_reply_count_hidden":0,"_bbp_forum_subforum_count":0,"footnotes":""},"categories":[305],"tags":[656,581,511],"class_list":["post-10664","post","type-post","status-publish","format-standard","hentry","category-avaluacio-de-la-comprensio-lectora","tag-avaluacio","tag-competencia-lectora","tag-educacio-primaria"],"post_mailing_queue_ids":[],"_links":{"self":[{"href":"https:\/\/serveiseducatius.xtec.cat\/bdrlectura\/wp-json\/wp\/v2\/posts\/10664","targetHints":{"allow":["GET"]}}],"collection":[{"href":"https:\/\/serveiseducatius.xtec.cat\/bdrlectura\/wp-json\/wp\/v2\/posts"}],"about":[{"href":"https:\/\/serveiseducatius.xtec.cat\/bdrlectura\/wp-json\/wp\/v2\/types\/post"}],"author":[{"embeddable":true,"href":"https:\/\/serveiseducatius.xtec.cat\/bdrlectura\/wp-json\/wp\/v2\/users\/1"}],"replies":[{"embeddable":true,"href":"https:\/\/serveiseducatius.xtec.cat\/bdrlectura\/wp-json\/wp\/v2\/comments?post=10664"}],"version-history":[{"count":1,"href":"https:\/\/serveiseducatius.xtec.cat\/bdrlectura\/wp-json\/wp\/v2\/posts\/10664\/revisions"}],"predecessor-version":[{"id":10666,"href":"https:\/\/serveiseducatius.xtec.cat\/bdrlectura\/wp-json\/wp\/v2\/posts\/10664\/revisions\/10666"}],"wp:attachment":[{"href":"https:\/\/serveiseducatius.xtec.cat\/bdrlectura\/wp-json\/wp\/v2\/media?parent=10664"}],"wp:term":[{"taxonomy":"category","embeddable":true,"href":"https:\/\/serveiseducatius.xtec.cat\/bdrlectura\/wp-json\/wp\/v2\/categories?post=10664"},{"taxonomy":"post_tag","embeddable":true,"href":"https:\/\/serveiseducatius.xtec.cat\/bdrlectura\/wp-json\/wp\/v2\/tags?post=10664"}],"curies":[{"name":"wp","href":"https:\/\/api.w.org\/{rel}","templated":true}]}}