{"id":10661,"date":"2016-10-20T21:54:30","date_gmt":"2016-10-20T20:54:30","guid":{"rendered":"http:\/\/serveiseducatius.xtec.cat\/bdrlectura\/?p=10661"},"modified":"2016-10-21T08:11:21","modified_gmt":"2016-10-21T07:11:21","slug":"proves-pedagogiques-gali","status":"publish","type":"post","link":"https:\/\/serveiseducatius.xtec.cat\/bdrlectura\/avaluacio-de-la-comprensio-lectora\/proves-pedagogiques-gali\/","title":{"rendered":"Proves pedag\u00f2giques Gal\u00ed"},"content":{"rendered":"<h5><img loading=\"lazy\" decoding=\"async\" class=\"alignleft wp-image-10662 size-full\" src=\"http:\/\/serveiseducatius.xtec.cat\/bdrlectura\/wp-content\/uploads\/usu1339\/2016\/10\/proves_gali.jpg\" alt=\"proves_gali\" width=\"212\" height=\"140\" \/><a href=\"http:\/\/www.acpo.cat\/contenido.php?id=2\" target=\"_blank\">Proves pedag\u00f2giques Gal\u00ed<\/a><\/h5>\n<p>Adaptaci\u00f3 de les proves d\u2019Alexandre Gal\u00ed publicades a<a href=\"http:\/\/merli.xtec.cat\/merli\/cerca\/fitxaRecurs.jsp?idRecurs=\/114650&amp;sheetId=null&amp;nomUsuari=null&amp;inxtec=0\" target=\"_blank\">\u00a0La mesura objectiva del treball escolar<\/a>, a c\u00e0rrec de Gl\u00f2ria Catal\u00e0. Es poden descarregar els fitxers amb els models adaptats de les proves, les instruccions i els barems.<\/p>\n","protected":false},"excerpt":{"rendered":"<p><a href=\"http:\/\/www.acpo.cat\/contenido.php?id=2\" target=\"_blank\">Proves pedag\u00f2giques Gal\u00ed<\/a><br \/>\nAdaptaci\u00f3 de les proves d\u2019Alexandre Gal\u00ed publicades a<a href=\"http:\/\/merli.xtec.cat\/merli\/cerca\/fitxaRecurs.jsp?idRecurs=\/114650&amp;sheetId=null&amp;nomUsuari=null&amp;inxtec=0\" target=\"_blank\">\u00a0La mesura objectiva del treball escolar<\/a>, a c\u00e0rrec de Gl\u00f2ria Catal\u00e0. Es poden descarregar els fitxers amb els models adaptats de les proves, les instruccions i els barems.<\/p>\n","protected":false},"author":1,"featured_media":0,"comment_status":"open","ping_status":"open","sticky":false,"template":"","format":"standard","meta":{"_bbp_topic_count":0,"_bbp_reply_count":0,"_bbp_total_topic_count":0,"_bbp_total_reply_count":0,"_bbp_voice_count":0,"_bbp_anonymous_reply_count":0,"_bbp_topic_count_hidden":0,"_bbp_reply_count_hidden":0,"_bbp_forum_subforum_count":0,"footnotes":""},"categories":[305],"tags":[656,581,511],"class_list":["post-10661","post","type-post","status-publish","format-standard","hentry","category-avaluacio-de-la-comprensio-lectora","tag-avaluacio","tag-competencia-lectora","tag-educacio-primaria"],"post_mailing_queue_ids":[],"_links":{"self":[{"href":"https:\/\/serveiseducatius.xtec.cat\/bdrlectura\/wp-json\/wp\/v2\/posts\/10661","targetHints":{"allow":["GET"]}}],"collection":[{"href":"https:\/\/serveiseducatius.xtec.cat\/bdrlectura\/wp-json\/wp\/v2\/posts"}],"about":[{"href":"https:\/\/serveiseducatius.xtec.cat\/bdrlectura\/wp-json\/wp\/v2\/types\/post"}],"author":[{"embeddable":true,"href":"https:\/\/serveiseducatius.xtec.cat\/bdrlectura\/wp-json\/wp\/v2\/users\/1"}],"replies":[{"embeddable":true,"href":"https:\/\/serveiseducatius.xtec.cat\/bdrlectura\/wp-json\/wp\/v2\/comments?post=10661"}],"version-history":[{"count":2,"href":"https:\/\/serveiseducatius.xtec.cat\/bdrlectura\/wp-json\/wp\/v2\/posts\/10661\/revisions"}],"predecessor-version":[{"id":10683,"href":"https:\/\/serveiseducatius.xtec.cat\/bdrlectura\/wp-json\/wp\/v2\/posts\/10661\/revisions\/10683"}],"wp:attachment":[{"href":"https:\/\/serveiseducatius.xtec.cat\/bdrlectura\/wp-json\/wp\/v2\/media?parent=10661"}],"wp:term":[{"taxonomy":"category","embeddable":true,"href":"https:\/\/serveiseducatius.xtec.cat\/bdrlectura\/wp-json\/wp\/v2\/categories?post=10661"},{"taxonomy":"post_tag","embeddable":true,"href":"https:\/\/serveiseducatius.xtec.cat\/bdrlectura\/wp-json\/wp\/v2\/tags?post=10661"}],"curies":[{"name":"wp","href":"https:\/\/api.w.org\/{rel}","templated":true}]}}