{"id":10265,"date":"2016-09-13T17:13:52","date_gmt":"2016-09-13T16:13:52","guid":{"rendered":"http:\/\/serveiseducatius.xtec.cat\/bdrlectura\/?p=10265"},"modified":"2017-07-11T10:23:29","modified_gmt":"2017-07-11T08:23:29","slug":"ariadna-un-recorregut-interactiu-per-la-literatura-catalana-del-segle-xx-a-traves-dun-reco","status":"publish","type":"post","link":"https:\/\/serveiseducatius.xtec.cat\/bdrlectura\/propostes-didactiques-el\/ariadna-un-recorregut-interactiu-per-la-literatura-catalana-del-segle-xx-a-traves-dun-reco\/","title":{"rendered":"Ariadna, un recorregut interactiu per la literatura catalana del segle XX  A trav\u00e9s d\u2019un reco"},"content":{"rendered":"<h5><img loading=\"lazy\" decoding=\"async\" class=\"alignleft wp-image-10266 size-full\" src=\"http:\/\/serveiseducatius.xtec.cat\/bdrlectura\/wp-content\/uploads\/usu1339\/2016\/10\/ariadna.jpg\" alt=\"ariadna\" width=\"210\" height=\"140\" \/><a href=\"http:\/\/www.ariadnadoc.cat\/\" target=\"_blank\" rel=\"noopener noreferrer\">Ariadna, un recorregut interactiu per la literatura catalana del segle XX<\/a><\/h5>\n<p><span style=\"font-size: medium;\">A\u00a0trav\u00e9s d\u2019un recorregut pels principals autors i autores de la literatura catalana del segle XX, aquest documental ofereix una visi\u00f3 global i integradora d\u2019una part de la producci\u00f3 liter\u00e0ria a Catalunya i del seu paper en la formaci\u00f3 d\u2019un pensament cr\u00edtic, la millora de les llibertats i l\u2019acc\u00e9s al coneixement.<\/span><\/p>\n","protected":false},"excerpt":{"rendered":"<p><a href=\"http:\/\/www.ariadnadoc.cat\/\" target=\"_blank\" rel=\"noopener noreferrer\">Ariadna, un recorregut interactiu per la literatura catalana del segle XX<\/a><br \/>\nA\u00a0trav\u00e9s d\u2019un recorregut pels principals autors i autores de la literatura catalana del segle XX, aquest documental ofereix una visi\u00f3 global i integradora d\u2019una part de la producci\u00f3 liter\u00e0ria a Catalunya&hellip;  <a href=\"https:\/\/serveiseducatius.xtec.cat\/bdrlectura\/propostes-didactiques-el\/ariadna-un-recorregut-interactiu-per-la-literatura-catalana-del-segle-xx-a-traves-dun-reco\/\" title=\"Read Ariadna, un recorregut interactiu per la literatura catalana del segle XX  A trav\u00e9s d\u2019un reco\">Llegeix m\u00e9s\u00bb<\/a><\/p>\n","protected":false},"author":1,"featured_media":0,"comment_status":"open","ping_status":"closed","sticky":false,"template":"","format":"standard","meta":{"_bbp_topic_count":0,"_bbp_reply_count":0,"_bbp_total_topic_count":0,"_bbp_total_reply_count":0,"_bbp_voice_count":0,"_bbp_anonymous_reply_count":0,"_bbp_topic_count_hidden":0,"_bbp_reply_count_hidden":0,"_bbp_forum_subforum_count":0,"footnotes":""},"categories":[610],"tags":[407,449],"class_list":["post-10265","post","type-post","status-publish","format-standard","hentry","category-propostes-didactiques-el","tag-autores-i-autors","tag-educacio-secundaria"],"post_mailing_queue_ids":[],"_links":{"self":[{"href":"https:\/\/serveiseducatius.xtec.cat\/bdrlectura\/wp-json\/wp\/v2\/posts\/10265","targetHints":{"allow":["GET"]}}],"collection":[{"href":"https:\/\/serveiseducatius.xtec.cat\/bdrlectura\/wp-json\/wp\/v2\/posts"}],"about":[{"href":"https:\/\/serveiseducatius.xtec.cat\/bdrlectura\/wp-json\/wp\/v2\/types\/post"}],"author":[{"embeddable":true,"href":"https:\/\/serveiseducatius.xtec.cat\/bdrlectura\/wp-json\/wp\/v2\/users\/1"}],"replies":[{"embeddable":true,"href":"https:\/\/serveiseducatius.xtec.cat\/bdrlectura\/wp-json\/wp\/v2\/comments?post=10265"}],"version-history":[{"count":3,"href":"https:\/\/serveiseducatius.xtec.cat\/bdrlectura\/wp-json\/wp\/v2\/posts\/10265\/revisions"}],"predecessor-version":[{"id":12264,"href":"https:\/\/serveiseducatius.xtec.cat\/bdrlectura\/wp-json\/wp\/v2\/posts\/10265\/revisions\/12264"}],"wp:attachment":[{"href":"https:\/\/serveiseducatius.xtec.cat\/bdrlectura\/wp-json\/wp\/v2\/media?parent=10265"}],"wp:term":[{"taxonomy":"category","embeddable":true,"href":"https:\/\/serveiseducatius.xtec.cat\/bdrlectura\/wp-json\/wp\/v2\/categories?post=10265"},{"taxonomy":"post_tag","embeddable":true,"href":"https:\/\/serveiseducatius.xtec.cat\/bdrlectura\/wp-json\/wp\/v2\/tags?post=10265"}],"curies":[{"name":"wp","href":"https:\/\/api.w.org\/{rel}","templated":true}]}}