{"id":10262,"date":"2016-09-13T17:06:08","date_gmt":"2016-09-13T16:06:08","guid":{"rendered":"http:\/\/serveiseducatius.xtec.cat\/bdrlectura\/?p=10262"},"modified":"2017-07-11T10:22:21","modified_gmt":"2017-07-11T08:22:21","slug":"enllullat","status":"publish","type":"post","link":"https:\/\/serveiseducatius.xtec.cat\/bdrlectura\/propostes-didactiques-el\/enllullat\/","title":{"rendered":"EnLlulla&#8217;t"},"content":{"rendered":"<h5 id=\"sites-page-title-header\" align=\"left\"><a href=\"http:\/\/enllullat.cat\/\" target=\"_blank\" rel=\"noopener noreferrer\"><span id=\"sites-page-title\" dir=\"ltr\" tabindex=\"-1\"><img loading=\"lazy\" decoding=\"async\" class=\"alignleft wp-image-10263 size-full\" src=\"http:\/\/serveiseducatius.xtec.cat\/bdrlectura\/wp-content\/uploads\/usu1339\/2016\/10\/enllullat.jpg\" alt=\"enllullat\" width=\"210\" height=\"140\" \/>EnLlulla&#8217;t<\/span><\/a><\/h5>\n<p>Programa educatiu adre\u00e7at a\u00a0l\u2019alumnat de 3r d&#8217;ESO amb l&#8217;objectiu que amb la vida i l\u2019obra de Ramon Llull i en coneguin la import\u00e0ncia liter\u00e0ria i hist\u00f2rica, alhora que treballen la relaci\u00f3 entre els valors que s\u2019hi poden descobrir i la seva pr\u00f2pia vida quotidiana.<\/p>\n","protected":false},"excerpt":{"rendered":"<p><a href=\"http:\/\/enllullat.cat\/\" target=\"_blank\" rel=\"noopener noreferrer\">EnLlulla&#8217;t<\/a><br \/>\nPrograma educatiu adre\u00e7at a\u00a0l\u2019alumnat de 3r d&#8217;ESO amb l&#8217;objectiu que amb la vida i l\u2019obra de Ramon Llull i en coneguin la import\u00e0ncia liter\u00e0ria i hist\u00f2rica, alhora que treballen la relaci\u00f3 entre els valors que s\u2019hi poden descobrir i la seva&hellip;  <a href=\"https:\/\/serveiseducatius.xtec.cat\/bdrlectura\/propostes-didactiques-el\/enllullat\/\" title=\"Read EnLlulla&#8217;t\">Llegeix m\u00e9s\u00bb<\/a><\/p>\n","protected":false},"author":1,"featured_media":0,"comment_status":"open","ping_status":"closed","sticky":false,"template":"","format":"standard","meta":{"_bbp_topic_count":0,"_bbp_reply_count":0,"_bbp_total_topic_count":0,"_bbp_total_reply_count":0,"_bbp_voice_count":0,"_bbp_anonymous_reply_count":0,"_bbp_topic_count_hidden":0,"_bbp_reply_count_hidden":0,"_bbp_forum_subforum_count":0,"footnotes":""},"categories":[610],"tags":[449,557],"class_list":["post-10262","post","type-post","status-publish","format-standard","hentry","category-propostes-didactiques-el","tag-educacio-secundaria","tag-ramon-llull"],"post_mailing_queue_ids":[],"_links":{"self":[{"href":"https:\/\/serveiseducatius.xtec.cat\/bdrlectura\/wp-json\/wp\/v2\/posts\/10262","targetHints":{"allow":["GET"]}}],"collection":[{"href":"https:\/\/serveiseducatius.xtec.cat\/bdrlectura\/wp-json\/wp\/v2\/posts"}],"about":[{"href":"https:\/\/serveiseducatius.xtec.cat\/bdrlectura\/wp-json\/wp\/v2\/types\/post"}],"author":[{"embeddable":true,"href":"https:\/\/serveiseducatius.xtec.cat\/bdrlectura\/wp-json\/wp\/v2\/users\/1"}],"replies":[{"embeddable":true,"href":"https:\/\/serveiseducatius.xtec.cat\/bdrlectura\/wp-json\/wp\/v2\/comments?post=10262"}],"version-history":[{"count":2,"href":"https:\/\/serveiseducatius.xtec.cat\/bdrlectura\/wp-json\/wp\/v2\/posts\/10262\/revisions"}],"predecessor-version":[{"id":12263,"href":"https:\/\/serveiseducatius.xtec.cat\/bdrlectura\/wp-json\/wp\/v2\/posts\/10262\/revisions\/12263"}],"wp:attachment":[{"href":"https:\/\/serveiseducatius.xtec.cat\/bdrlectura\/wp-json\/wp\/v2\/media?parent=10262"}],"wp:term":[{"taxonomy":"category","embeddable":true,"href":"https:\/\/serveiseducatius.xtec.cat\/bdrlectura\/wp-json\/wp\/v2\/categories?post=10262"},{"taxonomy":"post_tag","embeddable":true,"href":"https:\/\/serveiseducatius.xtec.cat\/bdrlectura\/wp-json\/wp\/v2\/tags?post=10262"}],"curies":[{"name":"wp","href":"https:\/\/api.w.org\/{rel}","templated":true}]}}