{"id":10249,"date":"2016-10-19T10:39:42","date_gmt":"2016-10-19T08:39:42","guid":{"rendered":"http:\/\/serveiseducatius.xtec.cat\/bdrlectura\/?p=10249"},"modified":"2016-11-15T13:37:36","modified_gmt":"2016-11-15T12:37:36","slug":"biblioteca-escolar-experiencies-i-recursos-per-a-la-competencia-informacional","status":"publish","type":"post","link":"https:\/\/serveiseducatius.xtec.cat\/bdrlectura\/practiques-educatives-be\/biblioteca-escolar-experiencies-i-recursos-per-a-la-competencia-informacional\/","title":{"rendered":"Biblioteca escolar: experi\u00e8ncies i recursos per a la compet\u00e8ncia informacional"},"content":{"rendered":"<h5><a href=\"http:\/\/serveiseducatius.xtec.cat\/bdrlectura\/wp-content\/uploads\/usu1339\/2016\/10\/Captura-4.jpg\"><img loading=\"lazy\" decoding=\"async\" class=\"alignleft wp-image-10250 size-full\" src=\"http:\/\/serveiseducatius.xtec.cat\/bdrlectura\/wp-content\/uploads\/usu1339\/2016\/10\/Captura-4.jpg\" alt=\"captura\" width=\"210\" height=\"140\" \/><\/a><a href=\"https:\/\/sites.google.com\/a\/xtec.cat\/cinfoa-bbm\/\" target=\"_blank\">Biblioteca escolar: experi\u00e8ncies i recursos per a la compet\u00e8ncia informacional<\/a><\/h5>\n<p>Espai on es recull i es fa difusi\u00f3 d&#8217;experi\u00e8ncies d&#8217;\u00e8xit de compet\u00e8ncia informacional i biblioteca escolar. \u00c9s fruit de la col\u00b7laboraci\u00f3 de\u00a0<a href=\"https:\/\/sites.google.com\/a\/xtec.cat\/cinfo-aula\/\" target=\"_blank\">Cinfo_aula<\/a>\u00a0i el grup\u00a0<a href=\"http:\/\/grupbibliomedia.blogspot.com.es\/\" target=\"_blank\">Bibliom\u00e8dia<\/a>.<\/p>\n","protected":false},"excerpt":{"rendered":"<p><a href=\"http:\/\/serveiseducatius.xtec.cat\/bdrlectura\/wp-content\/uploads\/usu1339\/2016\/10\/Captura-4.jpg\"><\/a><a href=\"https:\/\/sites.google.com\/a\/xtec.cat\/cinfoa-bbm\/\" target=\"_blank\">Biblioteca escolar: experi\u00e8ncies i recursos per a la compet\u00e8ncia informacional<\/a><br \/>\nEspai on es recull i es fa difusi\u00f3 d&#8217;experi\u00e8ncies d&#8217;\u00e8xit de compet\u00e8ncia informacional i biblioteca escolar. \u00c9s fruit de la col\u00b7laboraci\u00f3 de\u00a0<a href=\"https:\/\/sites.google.com\/a\/xtec.cat\/cinfo-aula\/\" target=\"_blank\">Cinfo_aula<\/a>\u00a0i el grup\u00a0<a href=\"http:\/\/grupbibliomedia.blogspot.com.es\/\" target=\"_blank\">Bibliom\u00e8dia<\/a>.<\/p>\n","protected":false},"author":10,"featured_media":0,"comment_status":"open","ping_status":"open","sticky":false,"template":"","format":"standard","meta":{"_bbp_topic_count":0,"_bbp_reply_count":0,"_bbp_total_topic_count":0,"_bbp_total_reply_count":0,"_bbp_voice_count":0,"_bbp_anonymous_reply_count":0,"_bbp_topic_count_hidden":0,"_bbp_reply_count_hidden":0,"_bbp_forum_subforum_count":0,"footnotes":""},"categories":[611,612],"tags":[394,447,446,448,622,511,449,512],"class_list":["post-10249","post","type-post","status-publish","format-standard","hentry","category-practiques-educatives-be","category-practiques-educatives-c-info","tag-activitats-be","tag-alfabetitzacio-informacional","tag-alfin","tag-competencia-digital","tag-educacio-infantil","tag-educacio-primaria","tag-educacio-secundaria","tag-tac"],"post_mailing_queue_ids":[],"_links":{"self":[{"href":"https:\/\/serveiseducatius.xtec.cat\/bdrlectura\/wp-json\/wp\/v2\/posts\/10249","targetHints":{"allow":["GET"]}}],"collection":[{"href":"https:\/\/serveiseducatius.xtec.cat\/bdrlectura\/wp-json\/wp\/v2\/posts"}],"about":[{"href":"https:\/\/serveiseducatius.xtec.cat\/bdrlectura\/wp-json\/wp\/v2\/types\/post"}],"author":[{"embeddable":true,"href":"https:\/\/serveiseducatius.xtec.cat\/bdrlectura\/wp-json\/wp\/v2\/users\/10"}],"replies":[{"embeddable":true,"href":"https:\/\/serveiseducatius.xtec.cat\/bdrlectura\/wp-json\/wp\/v2\/comments?post=10249"}],"version-history":[{"count":3,"href":"https:\/\/serveiseducatius.xtec.cat\/bdrlectura\/wp-json\/wp\/v2\/posts\/10249\/revisions"}],"predecessor-version":[{"id":11029,"href":"https:\/\/serveiseducatius.xtec.cat\/bdrlectura\/wp-json\/wp\/v2\/posts\/10249\/revisions\/11029"}],"wp:attachment":[{"href":"https:\/\/serveiseducatius.xtec.cat\/bdrlectura\/wp-json\/wp\/v2\/media?parent=10249"}],"wp:term":[{"taxonomy":"category","embeddable":true,"href":"https:\/\/serveiseducatius.xtec.cat\/bdrlectura\/wp-json\/wp\/v2\/categories?post=10249"},{"taxonomy":"post_tag","embeddable":true,"href":"https:\/\/serveiseducatius.xtec.cat\/bdrlectura\/wp-json\/wp\/v2\/tags?post=10249"}],"curies":[{"name":"wp","href":"https:\/\/api.w.org\/{rel}","templated":true}]}}