{"id":10243,"date":"2016-10-13T16:31:35","date_gmt":"2016-10-13T15:31:35","guid":{"rendered":"http:\/\/serveiseducatius.xtec.cat\/bdrlectura\/?p=10243"},"modified":"2020-05-08T21:00:31","modified_gmt":"2020-05-08T19:00:31","slug":"competencia-informacional-si-pero-como","status":"publish","type":"post","link":"https:\/\/serveiseducatius.xtec.cat\/bdrlectura\/propostes-didactiques-c-info\/competencia-informacional-si-pero-como\/","title":{"rendered":"Competencia informacional, s\u00ed. Pero \u00bfc\u00f3mo?"},"content":{"rendered":"<h5><img loading=\"lazy\" decoding=\"async\" class=\"alignleft wp-image-10244 size-full\" src=\"http:\/\/serveiseducatius.xtec.cat\/bdrlectura\/wp-content\/uploads\/usu1339\/2016\/10\/Captura-2.jpg\" alt=\"captura\" width=\"210\" height=\"140\" \/><a href=\"http:\/\/competenciainformacionalrecursos.blogspot.com.es\/\" target=\"_blank\" rel=\"noopener noreferrer\">Competencia informacional, s\u00ed. Pero \u00bfc\u00f3mo?<\/a><\/h5>\n<p>Blog de Gl\u00f2ria Durban amb propostes pr\u00e0ctiques i materials did\u00e0ctics per al disseny i elaboraci\u00f3 de programes de compet\u00e8ncia informacional per dur-los a terme a l&#8217;aula i a la biblioteca escolar des de prim\u00e0ria fins a batxillerat.<\/p>\n","protected":false},"excerpt":{"rendered":"<p><a href=\"http:\/\/competenciainformacionalrecursos.blogspot.com.es\/\" target=\"_blank\" rel=\"noopener noreferrer\">Competencia informacional, s\u00ed. Pero \u00bfc\u00f3mo?<\/a><br \/>\nBlog de Gl\u00f2ria Durban amb propostes pr\u00e0ctiques i materials did\u00e0ctics per al disseny i elaboraci\u00f3 de programes de compet\u00e8ncia informacional per dur-los a terme a l&#8217;aula i a la biblioteca escolar des de prim\u00e0ria fins a batxillerat.<\/p>\n","protected":false},"author":10,"featured_media":0,"comment_status":"open","ping_status":"closed","sticky":false,"template":"","format":"standard","meta":{"_bbp_topic_count":0,"_bbp_reply_count":0,"_bbp_total_topic_count":0,"_bbp_total_reply_count":0,"_bbp_voice_count":0,"_bbp_anonymous_reply_count":0,"_bbp_topic_count_hidden":0,"_bbp_reply_count_hidden":0,"_bbp_forum_subforum_count":0,"footnotes":""},"categories":[323],"tags":[447,446,448,512],"class_list":["post-10243","post","type-post","status-publish","format-standard","hentry","category-propostes-didactiques-c-info","tag-alfabetitzacio-informacional","tag-alfin","tag-competencia-digital","tag-tac"],"post_mailing_queue_ids":[],"_links":{"self":[{"href":"https:\/\/serveiseducatius.xtec.cat\/bdrlectura\/wp-json\/wp\/v2\/posts\/10243","targetHints":{"allow":["GET"]}}],"collection":[{"href":"https:\/\/serveiseducatius.xtec.cat\/bdrlectura\/wp-json\/wp\/v2\/posts"}],"about":[{"href":"https:\/\/serveiseducatius.xtec.cat\/bdrlectura\/wp-json\/wp\/v2\/types\/post"}],"author":[{"embeddable":true,"href":"https:\/\/serveiseducatius.xtec.cat\/bdrlectura\/wp-json\/wp\/v2\/users\/10"}],"replies":[{"embeddable":true,"href":"https:\/\/serveiseducatius.xtec.cat\/bdrlectura\/wp-json\/wp\/v2\/comments?post=10243"}],"version-history":[{"count":3,"href":"https:\/\/serveiseducatius.xtec.cat\/bdrlectura\/wp-json\/wp\/v2\/posts\/10243\/revisions"}],"predecessor-version":[{"id":15667,"href":"https:\/\/serveiseducatius.xtec.cat\/bdrlectura\/wp-json\/wp\/v2\/posts\/10243\/revisions\/15667"}],"wp:attachment":[{"href":"https:\/\/serveiseducatius.xtec.cat\/bdrlectura\/wp-json\/wp\/v2\/media?parent=10243"}],"wp:term":[{"taxonomy":"category","embeddable":true,"href":"https:\/\/serveiseducatius.xtec.cat\/bdrlectura\/wp-json\/wp\/v2\/categories?post=10243"},{"taxonomy":"post_tag","embeddable":true,"href":"https:\/\/serveiseducatius.xtec.cat\/bdrlectura\/wp-json\/wp\/v2\/tags?post=10243"}],"curies":[{"name":"wp","href":"https:\/\/api.w.org\/{rel}","templated":true}]}}