{"id":10242,"date":"2016-10-13T16:47:46","date_gmt":"2016-10-13T15:47:46","guid":{"rendered":"http:\/\/serveiseducatius.xtec.cat\/bdrlectura\/?p=10242"},"modified":"2016-10-25T17:08:30","modified_gmt":"2016-10-25T15:08:30","slug":"lectoescritura-adaptada-lea","status":"publish","type":"post","link":"https:\/\/serveiseducatius.xtec.cat\/bdrlectura\/aprenentatge-inicial-de-la-lectura\/lectoescritura-adaptada-lea\/","title":{"rendered":"Lectoescritura Adaptada (LEA)"},"content":{"rendered":"<h5><a href=\"http:\/\/ntic.educacion.es\/w3\/eos\/MaterialesEducativos\/mem2007\/lectoescritura_adaptada\/lea\/index.html\"><img loading=\"lazy\" decoding=\"async\" class=\"size-full wp-image-10252 alignleft\" src=\"http:\/\/serveiseducatius.xtec.cat\/bdrlectura\/wp-content\/uploads\/usu1339\/2016\/10\/cl-07.jpg\" alt=\"cl-07\" width=\"210\" height=\"140\" \/><\/a><a href=\"http:\/\/ntic.educacion.es\/w3\/eos\/MaterialesEducativos\/mem2007\/lectoescritura_adaptada\/lea\/index.html\" target=\"_blank\">Lectoescritura Adaptada (LEA)<\/a><\/h5>\n<div class=\"bloc-mobil\">\n<div class=\"descripcio\">\n<p>Conjunt de vint-i-tres aplicacions multim\u00e8dia, elaborades per Juan Garc\u00eda Moreno, destinades a facilitar l&#8217;aprenentatge, semidirigit i\/o aut\u00f2nom, de les compet\u00e8ncies lectores b\u00e0siques en llengua castellana.<\/p>\n<\/div>\n<\/div>\n","protected":false},"excerpt":{"rendered":"<p><a href=\"http:\/\/ntic.educacion.es\/w3\/eos\/MaterialesEducativos\/mem2007\/lectoescritura_adaptada\/lea\/index.html\"><\/a><a href=\"http:\/\/ntic.educacion.es\/w3\/eos\/MaterialesEducativos\/mem2007\/lectoescritura_adaptada\/lea\/index.html\" target=\"_blank\">Lectoescritura Adaptada (LEA)<\/a><\/p>\n<p>Conjunt de vint-i-tres aplicacions multim\u00e8dia, elaborades per Juan Garc\u00eda Moreno, destinades a facilitar l&#8217;aprenentatge, semidirigit i\/o aut\u00f2nom, de les compet\u00e8ncies lectores b\u00e0siques en llengua castellana.<\/p>\n","protected":false},"author":1,"featured_media":0,"comment_status":"open","ping_status":"open","sticky":false,"template":"","format":"standard","meta":{"_bbp_topic_count":0,"_bbp_reply_count":0,"_bbp_total_topic_count":0,"_bbp_total_reply_count":0,"_bbp_voice_count":0,"_bbp_anonymous_reply_count":0,"_bbp_topic_count_hidden":0,"_bbp_reply_count_hidden":0,"_bbp_forum_subforum_count":0,"footnotes":""},"categories":[300],"tags":[390,622,511,449,597],"class_list":["post-10242","post","type-post","status-publish","format-standard","hentry","category-aprenentatge-inicial-de-la-lectura","tag-ail","tag-educacio-infantil","tag-educacio-primaria","tag-educacio-secundaria","tag-llengua-castellana"],"post_mailing_queue_ids":[],"_links":{"self":[{"href":"https:\/\/serveiseducatius.xtec.cat\/bdrlectura\/wp-json\/wp\/v2\/posts\/10242","targetHints":{"allow":["GET"]}}],"collection":[{"href":"https:\/\/serveiseducatius.xtec.cat\/bdrlectura\/wp-json\/wp\/v2\/posts"}],"about":[{"href":"https:\/\/serveiseducatius.xtec.cat\/bdrlectura\/wp-json\/wp\/v2\/types\/post"}],"author":[{"embeddable":true,"href":"https:\/\/serveiseducatius.xtec.cat\/bdrlectura\/wp-json\/wp\/v2\/users\/1"}],"replies":[{"embeddable":true,"href":"https:\/\/serveiseducatius.xtec.cat\/bdrlectura\/wp-json\/wp\/v2\/comments?post=10242"}],"version-history":[{"count":2,"href":"https:\/\/serveiseducatius.xtec.cat\/bdrlectura\/wp-json\/wp\/v2\/posts\/10242\/revisions"}],"predecessor-version":[{"id":10754,"href":"https:\/\/serveiseducatius.xtec.cat\/bdrlectura\/wp-json\/wp\/v2\/posts\/10242\/revisions\/10754"}],"wp:attachment":[{"href":"https:\/\/serveiseducatius.xtec.cat\/bdrlectura\/wp-json\/wp\/v2\/media?parent=10242"}],"wp:term":[{"taxonomy":"category","embeddable":true,"href":"https:\/\/serveiseducatius.xtec.cat\/bdrlectura\/wp-json\/wp\/v2\/categories?post=10242"},{"taxonomy":"post_tag","embeddable":true,"href":"https:\/\/serveiseducatius.xtec.cat\/bdrlectura\/wp-json\/wp\/v2\/tags?post=10242"}],"curies":[{"name":"wp","href":"https:\/\/api.w.org\/{rel}","templated":true}]}}