{"id":9292,"date":"2018-01-24T09:28:42","date_gmt":"2018-01-24T08:28:42","guid":{"rendered":"http:\/\/serveiseducatius.xtec.cat\/baixpenedes\/?p=9292"},"modified":"2018-01-25T09:51:52","modified_gmt":"2018-01-25T08:51:52","slug":"forum-deducacio-i-cultura-popular","status":"publish","type":"post","link":"https:\/\/serveiseducatius.xtec.cat\/baixpenedes\/general\/forum-deducacio-i-cultura-popular\/","title":{"rendered":"F\u00f2rum d&#8217;Educaci\u00f3 i Cultura Popular"},"content":{"rendered":"<p><strong><img loading=\"lazy\" decoding=\"async\" class=\" wp-image-9297 alignleft\" src=\"http:\/\/serveiseducatius.xtec.cat\/baixpenedes\/wp-content\/uploads\/usu764\/2018\/01\/forum-300x300.jpg\" alt=\"\" width=\"244\" height=\"244\" \/>Entre els dies 25 i 28 de gener<\/strong> se celebra el <strong>F\u00f2rum d&#8217;Educaci\u00f3 i Cultura Popular a Can Fabra (Barcelona).<\/strong><br \/>\nEl F\u00f2rum d\u2019Educaci\u00f3 i Cultura Popular vol recon\u00e8ixer l\u2019important paper de la cultura popular en l\u2019\u00e0mbit educatiu i fer visible les experi\u00e8ncies, bones pr\u00e0ctiques, recerques, projectes, formacions, etc. que s\u2019estan realitzant a Catalunya i arreu dels Pa\u00efsos Catalans. El F\u00f2rum pret\u00e9n ser un espai de reflexi\u00f3, debat, aprenentatge i intercanvi que permeti centrar criteris, revisar el discurs te\u00f2ric i les pr\u00e0ctiques sobre la cultura popular a l\u2019educaci\u00f3, posant de relleu aspectes com la interculturalitat, la diversitat religiosa o el g\u00e8nere.<\/p>\n<p>A continuaci\u00f3 podreu trobar m\u00e9s informaci\u00f3:<\/p>\n<p><a href=\"http:\/\/serveiseducatius.xtec.cat\/baixpenedes\/wp-content\/uploads\/usu764\/2018\/01\/SCP18-F\u00f2rum-Quadr\u00edptic-10x21.pdf\">Quadr\u00edptic<\/a><\/p>\n<p><a href=\"http:\/\/serveiseducatius.xtec.cat\/baixpenedes\/wp-content\/uploads\/usu764\/2018\/01\/SCP18-F\u00f2rum-Educaci\u00f3-Programa-F\u00f2rum-WEB.pdf\">Programa F\u00f2rum WEB<\/a><\/p>\n<p><a href=\"http:\/\/serveiseducatius.xtec.cat\/baixpenedes\/wp-content\/uploads\/usu764\/2018\/01\/SCP18-F\u00f2rum-Educaci\u00f3-Newsletter.pdf\">Newsletter<\/a><\/p>\n<p>I tamb\u00e9 a la seva <a href=\"https:\/\/blocs.xtec.cat\/educacioiculturapopular\/\"><strong>p\u00e0gina web<\/strong><\/a><\/p>\n","protected":false},"excerpt":{"rendered":"<p>Entre els dies 25 i 28 de gener se celebra el F\u00f2rum d&#8217;Educaci\u00f3 i Cultura Popular a Can Fabra (Barcelona). El F\u00f2rum d\u2019Educaci\u00f3 i Cultura Popular vol recon\u00e8ixer l\u2019important paper de la cultura popular en l\u2019\u00e0mbit educatiu i fer visible les experi\u00e8ncies, bones pr\u00e0ctiques, recerques, projectes, formacions, etc. que s\u2019estan realitzant a Catalunya i arreu [&hellip;]<\/p>\n","protected":false},"author":7,"featured_media":9297,"comment_status":"closed","ping_status":"closed","sticky":false,"template":"","format":"standard","meta":{"_bbp_topic_count":0,"_bbp_reply_count":0,"_bbp_total_topic_count":0,"_bbp_total_reply_count":0,"_bbp_voice_count":0,"_bbp_anonymous_reply_count":0,"_bbp_topic_count_hidden":0,"_bbp_reply_count_hidden":0,"_bbp_forum_subforum_count":0,"site-sidebar-layout":"default","site-content-layout":"","ast-site-content-layout":"","site-content-style":"default","site-sidebar-style":"default","ast-global-header-display":"","ast-banner-title-visibility":"","ast-main-header-display":"","ast-hfb-above-header-display":"","ast-hfb-below-header-display":"","ast-hfb-mobile-header-display":"","site-post-title":"","ast-breadcrumbs-content":"","ast-featured-img":"","footer-sml-layout":"","theme-transparent-header-meta":"","adv-header-id-meta":"","stick-header-meta":"","header-above-stick-meta":"","header-main-stick-meta":"","header-below-stick-meta":"","astra-migrate-meta-layouts":"default","ast-page-background-enabled":"default","ast-page-background-meta":{"desktop":{"background-color":"var(--ast-global-color-4)","background-image":"","background-repeat":"repeat","background-position":"center center","background-size":"auto","background-attachment":"scroll","background-type":"","background-media":"","overlay-type":"","overlay-color":"","overlay-opacity":"","overlay-gradient":""},"tablet":{"background-color":"","background-image":"","background-repeat":"repeat","background-position":"center center","background-size":"auto","background-attachment":"scroll","background-type":"","background-media":"","overlay-type":"","overlay-color":"","overlay-opacity":"","overlay-gradient":""},"mobile":{"background-color":"","background-image":"","background-repeat":"repeat","background-position":"center center","background-size":"auto","background-attachment":"scroll","background-type":"","background-media":"","overlay-type":"","overlay-color":"","overlay-opacity":"","overlay-gradient":""}},"ast-content-background-meta":{"desktop":{"background-color":"var(--ast-global-color-5)","background-image":"","background-repeat":"repeat","background-position":"center center","background-size":"auto","background-attachment":"scroll","background-type":"","background-media":"","overlay-type":"","overlay-color":"","overlay-opacity":"","overlay-gradient":""},"tablet":{"background-color":"var(--ast-global-color-5)","background-image":"","background-repeat":"repeat","background-position":"center center","background-size":"auto","background-attachment":"scroll","background-type":"","background-media":"","overlay-type":"","overlay-color":"","overlay-opacity":"","overlay-gradient":""},"mobile":{"background-color":"var(--ast-global-color-5)","background-image":"","background-repeat":"repeat","background-position":"center center","background-size":"auto","background-attachment":"scroll","background-type":"","background-media":"","overlay-type":"","overlay-color":"","overlay-opacity":"","overlay-gradient":""}},"footnotes":""},"categories":[346,1,29],"tags":[],"class_list":["post-9292","post","type-post","status-publish","format-standard","has-post-thumbnail","hentry","category-activitats-catalunya","category-general","category-portada"],"post_mailing_queue_ids":[],"_links":{"self":[{"href":"https:\/\/serveiseducatius.xtec.cat\/baixpenedes\/wp-json\/wp\/v2\/posts\/9292","targetHints":{"allow":["GET"]}}],"collection":[{"href":"https:\/\/serveiseducatius.xtec.cat\/baixpenedes\/wp-json\/wp\/v2\/posts"}],"about":[{"href":"https:\/\/serveiseducatius.xtec.cat\/baixpenedes\/wp-json\/wp\/v2\/types\/post"}],"author":[{"embeddable":true,"href":"https:\/\/serveiseducatius.xtec.cat\/baixpenedes\/wp-json\/wp\/v2\/users\/7"}],"replies":[{"embeddable":true,"href":"https:\/\/serveiseducatius.xtec.cat\/baixpenedes\/wp-json\/wp\/v2\/comments?post=9292"}],"version-history":[{"count":3,"href":"https:\/\/serveiseducatius.xtec.cat\/baixpenedes\/wp-json\/wp\/v2\/posts\/9292\/revisions"}],"predecessor-version":[{"id":9299,"href":"https:\/\/serveiseducatius.xtec.cat\/baixpenedes\/wp-json\/wp\/v2\/posts\/9292\/revisions\/9299"}],"wp:featuredmedia":[{"embeddable":true,"href":"https:\/\/serveiseducatius.xtec.cat\/baixpenedes\/wp-json\/wp\/v2\/media\/9297"}],"wp:attachment":[{"href":"https:\/\/serveiseducatius.xtec.cat\/baixpenedes\/wp-json\/wp\/v2\/media?parent=9292"}],"wp:term":[{"taxonomy":"category","embeddable":true,"href":"https:\/\/serveiseducatius.xtec.cat\/baixpenedes\/wp-json\/wp\/v2\/categories?post=9292"},{"taxonomy":"post_tag","embeddable":true,"href":"https:\/\/serveiseducatius.xtec.cat\/baixpenedes\/wp-json\/wp\/v2\/tags?post=9292"}],"curies":[{"name":"wp","href":"https:\/\/api.w.org\/{rel}","templated":true}]}}