{"id":9142,"date":"2018-01-23T12:51:26","date_gmt":"2018-01-23T11:51:26","guid":{"rendered":"http:\/\/serveiseducatius.xtec.cat\/baixpenedes\/?p=9142"},"modified":"2018-01-23T12:51:26","modified_gmt":"2018-01-23T11:51:26","slug":"setmana-de-la-natura-2018","status":"publish","type":"post","link":"https:\/\/serveiseducatius.xtec.cat\/baixpenedes\/xerrades\/portada\/setmana-de-la-natura-2018\/","title":{"rendered":"Setmana de la Natura 2018"},"content":{"rendered":"<p><a href=\"http:\/\/serveiseducatius.xtec.cat\/baixpenedes\/wp-content\/uploads\/usu764\/2018\/01\/SetmanaNatura.png\"><img loading=\"lazy\" decoding=\"async\" class=\"size-medium wp-image-9144 alignleft\" src=\"http:\/\/serveiseducatius.xtec.cat\/baixpenedes\/wp-content\/uploads\/usu764\/2018\/01\/SetmanaNatura-300x112.png\" alt=\"\" width=\"300\" height=\"112\" \/><\/a>La Xarxa de Cust\u00f2dia del Terrirori i la Xarxa de Voluntariat Ambiental de Catalunya presenten la <strong>Setmana de la Natura, del 26 de maig al 5 de juny<\/strong>.<\/p>\n<p>Aquesta setmana \u00e9s una campanya ambiental la qual les institucions, entitas, escoles, administracions&#8230; organitzen activitats de caire ambiental a tota Catalunya.<\/p>\n<p>Per a cada infant o adolescent que hi participi, se li obsequiar\u00e0 amb una<strong> polsera solid\u00e0ria<\/strong> i es far\u00e0 un <strong>sorteig d&#8217;un taller d&#8217;educaci\u00f3 ambiental<\/strong>.<\/p>\n<p>Podeu consultar m\u00e9s informaci\u00f3 al seg\u00fcent arxiu: <strong><a href=\"http:\/\/serveiseducatius.xtec.cat\/baixpenedes\/wp-content\/uploads\/usu764\/2018\/01\/Presentaci\u00f3-SN2017-CentresEducatius.pdf\">Setmana Natura<\/a><\/strong><\/p>\n","protected":false},"excerpt":{"rendered":"<p>La Xarxa de Cust\u00f2dia del Terrirori i la Xarxa de Voluntariat Ambiental de Catalunya presenten la Setmana de la Natura, del 26 de maig al 5 de juny. Aquesta setmana \u00e9s una campanya ambiental la qual les institucions, entitas, escoles, administracions&#8230; organitzen activitats de caire ambiental a tota Catalunya. Per a cada infant o adolescent [&hellip;]<\/p>\n","protected":false},"author":7,"featured_media":9144,"comment_status":"closed","ping_status":"closed","sticky":false,"template":"","format":"standard","meta":{"_bbp_topic_count":0,"_bbp_reply_count":0,"_bbp_total_topic_count":0,"_bbp_total_reply_count":0,"_bbp_voice_count":0,"_bbp_anonymous_reply_count":0,"_bbp_topic_count_hidden":0,"_bbp_reply_count_hidden":0,"_bbp_forum_subforum_count":0,"site-sidebar-layout":"default","site-content-layout":"","ast-site-content-layout":"","site-content-style":"default","site-sidebar-style":"default","ast-global-header-display":"","ast-banner-title-visibility":"","ast-main-header-display":"","ast-hfb-above-header-display":"","ast-hfb-below-header-display":"","ast-hfb-mobile-header-display":"","site-post-title":"","ast-breadcrumbs-content":"","ast-featured-img":"","footer-sml-layout":"","theme-transparent-header-meta":"","adv-header-id-meta":"","stick-header-meta":"","header-above-stick-meta":"","header-main-stick-meta":"","header-below-stick-meta":"","astra-migrate-meta-layouts":"default","ast-page-background-enabled":"default","ast-page-background-meta":{"desktop":{"background-color":"var(--ast-global-color-4)","background-image":"","background-repeat":"repeat","background-position":"center center","background-size":"auto","background-attachment":"scroll","background-type":"","background-media":"","overlay-type":"","overlay-color":"","overlay-opacity":"","overlay-gradient":""},"tablet":{"background-color":"","background-image":"","background-repeat":"repeat","background-position":"center center","background-size":"auto","background-attachment":"scroll","background-type":"","background-media":"","overlay-type":"","overlay-color":"","overlay-opacity":"","overlay-gradient":""},"mobile":{"background-color":"","background-image":"","background-repeat":"repeat","background-position":"center center","background-size":"auto","background-attachment":"scroll","background-type":"","background-media":"","overlay-type":"","overlay-color":"","overlay-opacity":"","overlay-gradient":""}},"ast-content-background-meta":{"desktop":{"background-color":"var(--ast-global-color-5)","background-image":"","background-repeat":"repeat","background-position":"center center","background-size":"auto","background-attachment":"scroll","background-type":"","background-media":"","overlay-type":"","overlay-color":"","overlay-opacity":"","overlay-gradient":""},"tablet":{"background-color":"var(--ast-global-color-5)","background-image":"","background-repeat":"repeat","background-position":"center center","background-size":"auto","background-attachment":"scroll","background-type":"","background-media":"","overlay-type":"","overlay-color":"","overlay-opacity":"","overlay-gradient":""},"mobile":{"background-color":"var(--ast-global-color-5)","background-image":"","background-repeat":"repeat","background-position":"center center","background-size":"auto","background-attachment":"scroll","background-type":"","background-media":"","overlay-type":"","overlay-color":"","overlay-opacity":"","overlay-gradient":""}},"footnotes":""},"categories":[346,29],"tags":[],"class_list":["post-9142","post","type-post","status-publish","format-standard","has-post-thumbnail","hentry","category-activitats-catalunya","category-portada"],"post_mailing_queue_ids":[],"_links":{"self":[{"href":"https:\/\/serveiseducatius.xtec.cat\/baixpenedes\/wp-json\/wp\/v2\/posts\/9142","targetHints":{"allow":["GET"]}}],"collection":[{"href":"https:\/\/serveiseducatius.xtec.cat\/baixpenedes\/wp-json\/wp\/v2\/posts"}],"about":[{"href":"https:\/\/serveiseducatius.xtec.cat\/baixpenedes\/wp-json\/wp\/v2\/types\/post"}],"author":[{"embeddable":true,"href":"https:\/\/serveiseducatius.xtec.cat\/baixpenedes\/wp-json\/wp\/v2\/users\/7"}],"replies":[{"embeddable":true,"href":"https:\/\/serveiseducatius.xtec.cat\/baixpenedes\/wp-json\/wp\/v2\/comments?post=9142"}],"version-history":[{"count":2,"href":"https:\/\/serveiseducatius.xtec.cat\/baixpenedes\/wp-json\/wp\/v2\/posts\/9142\/revisions"}],"predecessor-version":[{"id":9146,"href":"https:\/\/serveiseducatius.xtec.cat\/baixpenedes\/wp-json\/wp\/v2\/posts\/9142\/revisions\/9146"}],"wp:featuredmedia":[{"embeddable":true,"href":"https:\/\/serveiseducatius.xtec.cat\/baixpenedes\/wp-json\/wp\/v2\/media\/9144"}],"wp:attachment":[{"href":"https:\/\/serveiseducatius.xtec.cat\/baixpenedes\/wp-json\/wp\/v2\/media?parent=9142"}],"wp:term":[{"taxonomy":"category","embeddable":true,"href":"https:\/\/serveiseducatius.xtec.cat\/baixpenedes\/wp-json\/wp\/v2\/categories?post=9142"},{"taxonomy":"post_tag","embeddable":true,"href":"https:\/\/serveiseducatius.xtec.cat\/baixpenedes\/wp-json\/wp\/v2\/tags?post=9142"}],"curies":[{"name":"wp","href":"https:\/\/api.w.org\/{rel}","templated":true}]}}