{"id":8419,"date":"2017-12-13T10:23:19","date_gmt":"2017-12-13T09:23:19","guid":{"rendered":"http:\/\/serveiseducatius.xtec.cat\/baixpenedes\/?p=8419"},"modified":"2018-02-05T10:54:59","modified_gmt":"2018-02-05T09:54:59","slug":"12e-premi-sambori-omnium-de-narrativa-escolar","status":"publish","type":"post","link":"https:\/\/serveiseducatius.xtec.cat\/baixpenedes\/xerrades\/portada\/12e-premi-sambori-omnium-de-narrativa-escolar\/","title":{"rendered":"12\u00e8 premi Sambori \u00d2mnium de narrativa escolar"},"content":{"rendered":"<p><a href=\"http:\/\/serveiseducatius.xtec.cat\/baixpenedes\/wp-content\/uploads\/usu764\/2017\/12\/Sambori2018-e1513158624819.jpg\"><img loading=\"lazy\" decoding=\"async\" class=\" wp-image-8420 alignleft\" src=\"http:\/\/serveiseducatius.xtec.cat\/baixpenedes\/wp-content\/uploads\/usu764\/2017\/12\/Sambori2018-e1513158624819.jpg\" alt=\"\" width=\"306\" height=\"202\" \/><\/a><span style=\"font-size: large;\">\u00d2mnium Cultural convoca el <span style=\"color: #ff6600;\"><strong>12\u00e8 Premi Sambori \u00d2mnium<\/strong><\/span>, el premi escolar de narrativa que t\u00e9 per objectiu promoure l&#8217;\u00fas literari del catal\u00e0 a les escoles i instituts del Principat, la Franja, Andorra i Catalunya Nord. La convocat\u00f2ria inclou tots els centres p\u00fablics, concertats i privats.<\/span><\/p>\n<p>&nbsp;<\/p>\n<p>&nbsp;<\/p>\n<p><span style=\"font-size: large;\"><a href=\"https:\/\/www.omnium.cat\/premi-sambori\" target=\"_blank\" rel=\"noopener noreferrer\"><span style=\"color: #ff6600;\"><strong>P\u00e0gina del certamen<\/strong><\/span><\/a><\/span>.<\/p>\n<p><span style=\"font-size: large;\"><a href=\"https:\/\/www.omnium.cat\/sites\/default\/files\/arxius_comuns\/triptic_premi_sambori_omnium_2018_def.pdf\" target=\"_blank\" rel=\"noopener noreferrer\"><strong><span style=\"color: #ff6600;\">Aqu\u00ed<\/span><\/strong><\/a> podeu consultar les bases del premi 2018.<\/span><\/p>\n<p><span style=\"font-size: large;\">La data l\u00edmit per a l&#8217;entrega dels treballs participants: <strong>2 de febrer de 2018<\/strong>.<br \/>\n<\/span><\/p>\n","protected":false},"excerpt":{"rendered":"<p>\u00d2mnium Cultural convoca el 12\u00e8 Premi Sambori \u00d2mnium, el premi escolar de narrativa que t\u00e9 per objectiu promoure l&#8217;\u00fas literari del catal\u00e0 a les escoles i instituts del Principat, la Franja, Andorra i Catalunya Nord. La convocat\u00f2ria inclou tots els centres p\u00fablics, concertats i privats. &nbsp; &nbsp; P\u00e0gina del certamen. Aqu\u00ed podeu consultar les bases [&hellip;]<\/p>\n","protected":false},"author":7,"featured_media":8420,"comment_status":"closed","ping_status":"closed","sticky":false,"template":"","format":"standard","meta":{"_bbp_topic_count":0,"_bbp_reply_count":0,"_bbp_total_topic_count":0,"_bbp_total_reply_count":0,"_bbp_voice_count":0,"_bbp_anonymous_reply_count":0,"_bbp_topic_count_hidden":0,"_bbp_reply_count_hidden":0,"_bbp_forum_subforum_count":0,"site-sidebar-layout":"default","site-content-layout":"","ast-site-content-layout":"","site-content-style":"default","site-sidebar-style":"default","ast-global-header-display":"","ast-banner-title-visibility":"","ast-main-header-display":"","ast-hfb-above-header-display":"","ast-hfb-below-header-display":"","ast-hfb-mobile-header-display":"","site-post-title":"","ast-breadcrumbs-content":"","ast-featured-img":"","footer-sml-layout":"","theme-transparent-header-meta":"","adv-header-id-meta":"","stick-header-meta":"","header-above-stick-meta":"","header-main-stick-meta":"","header-below-stick-meta":"","astra-migrate-meta-layouts":"default","ast-page-background-enabled":"default","ast-page-background-meta":{"desktop":{"background-color":"var(--ast-global-color-4)","background-image":"","background-repeat":"repeat","background-position":"center center","background-size":"auto","background-attachment":"scroll","background-type":"","background-media":"","overlay-type":"","overlay-color":"","overlay-opacity":"","overlay-gradient":""},"tablet":{"background-color":"","background-image":"","background-repeat":"repeat","background-position":"center center","background-size":"auto","background-attachment":"scroll","background-type":"","background-media":"","overlay-type":"","overlay-color":"","overlay-opacity":"","overlay-gradient":""},"mobile":{"background-color":"","background-image":"","background-repeat":"repeat","background-position":"center center","background-size":"auto","background-attachment":"scroll","background-type":"","background-media":"","overlay-type":"","overlay-color":"","overlay-opacity":"","overlay-gradient":""}},"ast-content-background-meta":{"desktop":{"background-color":"var(--ast-global-color-5)","background-image":"","background-repeat":"repeat","background-position":"center center","background-size":"auto","background-attachment":"scroll","background-type":"","background-media":"","overlay-type":"","overlay-color":"","overlay-opacity":"","overlay-gradient":""},"tablet":{"background-color":"var(--ast-global-color-5)","background-image":"","background-repeat":"repeat","background-position":"center center","background-size":"auto","background-attachment":"scroll","background-type":"","background-media":"","overlay-type":"","overlay-color":"","overlay-opacity":"","overlay-gradient":""},"mobile":{"background-color":"var(--ast-global-color-5)","background-image":"","background-repeat":"repeat","background-position":"center center","background-size":"auto","background-attachment":"scroll","background-type":"","background-media":"","overlay-type":"","overlay-color":"","overlay-opacity":"","overlay-gradient":""}},"footnotes":""},"categories":[346,29],"tags":[],"class_list":["post-8419","post","type-post","status-publish","format-standard","has-post-thumbnail","hentry","category-activitats-catalunya","category-portada"],"post_mailing_queue_ids":[],"_links":{"self":[{"href":"https:\/\/serveiseducatius.xtec.cat\/baixpenedes\/wp-json\/wp\/v2\/posts\/8419","targetHints":{"allow":["GET"]}}],"collection":[{"href":"https:\/\/serveiseducatius.xtec.cat\/baixpenedes\/wp-json\/wp\/v2\/posts"}],"about":[{"href":"https:\/\/serveiseducatius.xtec.cat\/baixpenedes\/wp-json\/wp\/v2\/types\/post"}],"author":[{"embeddable":true,"href":"https:\/\/serveiseducatius.xtec.cat\/baixpenedes\/wp-json\/wp\/v2\/users\/7"}],"replies":[{"embeddable":true,"href":"https:\/\/serveiseducatius.xtec.cat\/baixpenedes\/wp-json\/wp\/v2\/comments?post=8419"}],"version-history":[{"count":4,"href":"https:\/\/serveiseducatius.xtec.cat\/baixpenedes\/wp-json\/wp\/v2\/posts\/8419\/revisions"}],"predecessor-version":[{"id":9026,"href":"https:\/\/serveiseducatius.xtec.cat\/baixpenedes\/wp-json\/wp\/v2\/posts\/8419\/revisions\/9026"}],"wp:featuredmedia":[{"embeddable":true,"href":"https:\/\/serveiseducatius.xtec.cat\/baixpenedes\/wp-json\/wp\/v2\/media\/8420"}],"wp:attachment":[{"href":"https:\/\/serveiseducatius.xtec.cat\/baixpenedes\/wp-json\/wp\/v2\/media?parent=8419"}],"wp:term":[{"taxonomy":"category","embeddable":true,"href":"https:\/\/serveiseducatius.xtec.cat\/baixpenedes\/wp-json\/wp\/v2\/categories?post=8419"},{"taxonomy":"post_tag","embeddable":true,"href":"https:\/\/serveiseducatius.xtec.cat\/baixpenedes\/wp-json\/wp\/v2\/tags?post=8419"}],"curies":[{"name":"wp","href":"https:\/\/api.w.org\/{rel}","templated":true}]}}