{"id":8254,"date":"2017-11-09T15:34:22","date_gmt":"2017-11-09T14:34:22","guid":{"rendered":"http:\/\/serveiseducatius.xtec.cat\/baixpenedes\/?p=8254"},"modified":"2017-11-30T12:14:26","modified_gmt":"2017-11-30T11:14:26","slug":"educac-programa-deducacio-en-comunicacio-del-consell-de-laudiovisual-de-catalunya-cac","status":"publish","type":"post","link":"https:\/\/serveiseducatius.xtec.cat\/baixpenedes\/xerrades\/portada\/educac-programa-deducacio-en-comunicacio-del-consell-de-laudiovisual-de-catalunya-cac\/","title":{"rendered":"EduCAC: Programa d&#8217;educaci\u00f3 en comunicaci\u00f3 del Consell de l&#8217;Audiovisual de Catalunya (CAC)"},"content":{"rendered":"<p><img loading=\"lazy\" decoding=\"async\" class=\"wp-image-8255 alignleft\" src=\"http:\/\/serveiseducatius.xtec.cat\/baixpenedes\/wp-content\/uploads\/usu764\/2017\/11\/eduCAC_logo_positiu.png\" alt=\"\" width=\"426\" height=\"252\" srcset=\"https:\/\/serveiseducatius.xtec.cat\/baixpenedes\/wp-content\/uploads\/usu764\/2017\/11\/eduCAC_logo_positiu.png 878w, https:\/\/serveiseducatius.xtec.cat\/baixpenedes\/wp-content\/uploads\/usu764\/2017\/11\/eduCAC_logo_positiu-300x177.png 300w, https:\/\/serveiseducatius.xtec.cat\/baixpenedes\/wp-content\/uploads\/usu764\/2017\/11\/eduCAC_logo_positiu-768x454.png 768w\" sizes=\"auto, (max-width: 426px) 100vw, 426px\" \/>El Consell de l\u2019Audiovisual de Catalunya, en col\u00b7laboraci\u00f3 amb el Departament d\u2019Ensenyament de la Generalitat de Catalunya, presenta\u00a0<strong>eduCAC<\/strong>, un programa d&#8217;educaci\u00f3 en comunicaci\u00f3 que neix amb l\u2019objectiu prioritari de promoure l\u2019educaci\u00f3 medi\u00e0tica en \u00e0mbits educatius formals i informals.<\/p>\n<p>eduCAC t\u00e9 la voluntat de proporcionar, fonamentalment a les escoles, per\u00f2 tamb\u00e9 a les fam\u00edlies, recursos educatius per fer un \u00fas cr\u00edtic i responsable dels mitjans de comunicaci\u00f3.<\/p>\n<p dir=\"ltr\">\u00a0Aquest curs: \u00a0Secund\u00e0ria i 6e prim\u00e0ria\u00a0\u00a0\u00a0 Materials:<\/p>\n<ul>\n<li dir=\"ltr\"><a href=\"http:\/\/www.educac.cat\/que-educac\" target=\"_blank\" rel=\"noopener noreferrer\" data-saferedirecturl=\"https:\/\/www.google.com\/url?hl=ca&amp;q=http:\/\/www.educac.cat\/que-educac&amp;source=gmail&amp;ust=1510311760613000&amp;usg=AFQjCNEnPsSaMPXfJYO7WDYWtL58I4O6Hw\">http:\/\/www.educac.cat\/que-<wbr \/>educac<\/a><\/li>\n<li dir=\"ltr\"><a href=\"http:\/\/www.educac.cat\/\" target=\"_blank\" rel=\"noopener noreferrer\" data-saferedirecturl=\"https:\/\/www.google.com\/url?hl=ca&amp;q=http:\/\/www.educac.cat\/&amp;source=gmail&amp;ust=1510311760613000&amp;usg=AFQjCNFz5sX6mbrQRYnMSAK7D5SSbV2WEw\">http:\/\/www.educac.cat\/<\/a><\/li>\n<\/ul>\n","protected":false},"excerpt":{"rendered":"<p>El Consell de l\u2019Audiovisual de Catalunya, en col\u00b7laboraci\u00f3 amb el Departament d\u2019Ensenyament de la Generalitat de Catalunya, presenta\u00a0eduCAC, un programa d&#8217;educaci\u00f3 en comunicaci\u00f3 que neix amb l\u2019objectiu prioritari de promoure l\u2019educaci\u00f3 medi\u00e0tica en \u00e0mbits educatius formals i informals. eduCAC t\u00e9 la voluntat de proporcionar, fonamentalment a les escoles, per\u00f2 tamb\u00e9 a les fam\u00edlies, recursos educatius [&hellip;]<\/p>\n","protected":false},"author":7,"featured_media":8255,"comment_status":"closed","ping_status":"closed","sticky":false,"template":"","format":"standard","meta":{"_bbp_topic_count":0,"_bbp_reply_count":0,"_bbp_total_topic_count":0,"_bbp_total_reply_count":0,"_bbp_voice_count":0,"_bbp_anonymous_reply_count":0,"_bbp_topic_count_hidden":0,"_bbp_reply_count_hidden":0,"_bbp_forum_subforum_count":0,"site-sidebar-layout":"default","site-content-layout":"","ast-site-content-layout":"","site-content-style":"default","site-sidebar-style":"default","ast-global-header-display":"","ast-banner-title-visibility":"","ast-main-header-display":"","ast-hfb-above-header-display":"","ast-hfb-below-header-display":"","ast-hfb-mobile-header-display":"","site-post-title":"","ast-breadcrumbs-content":"","ast-featured-img":"","footer-sml-layout":"","theme-transparent-header-meta":"","adv-header-id-meta":"","stick-header-meta":"","header-above-stick-meta":"","header-main-stick-meta":"","header-below-stick-meta":"","astra-migrate-meta-layouts":"default","ast-page-background-enabled":"default","ast-page-background-meta":{"desktop":{"background-color":"var(--ast-global-color-4)","background-image":"","background-repeat":"repeat","background-position":"center center","background-size":"auto","background-attachment":"scroll","background-type":"","background-media":"","overlay-type":"","overlay-color":"","overlay-opacity":"","overlay-gradient":""},"tablet":{"background-color":"","background-image":"","background-repeat":"repeat","background-position":"center center","background-size":"auto","background-attachment":"scroll","background-type":"","background-media":"","overlay-type":"","overlay-color":"","overlay-opacity":"","overlay-gradient":""},"mobile":{"background-color":"","background-image":"","background-repeat":"repeat","background-position":"center center","background-size":"auto","background-attachment":"scroll","background-type":"","background-media":"","overlay-type":"","overlay-color":"","overlay-opacity":"","overlay-gradient":""}},"ast-content-background-meta":{"desktop":{"background-color":"var(--ast-global-color-5)","background-image":"","background-repeat":"repeat","background-position":"center center","background-size":"auto","background-attachment":"scroll","background-type":"","background-media":"","overlay-type":"","overlay-color":"","overlay-opacity":"","overlay-gradient":""},"tablet":{"background-color":"var(--ast-global-color-5)","background-image":"","background-repeat":"repeat","background-position":"center center","background-size":"auto","background-attachment":"scroll","background-type":"","background-media":"","overlay-type":"","overlay-color":"","overlay-opacity":"","overlay-gradient":""},"mobile":{"background-color":"var(--ast-global-color-5)","background-image":"","background-repeat":"repeat","background-position":"center center","background-size":"auto","background-attachment":"scroll","background-type":"","background-media":"","overlay-type":"","overlay-color":"","overlay-opacity":"","overlay-gradient":""}},"footnotes":""},"categories":[346,29],"tags":[],"class_list":["post-8254","post","type-post","status-publish","format-standard","has-post-thumbnail","hentry","category-activitats-catalunya","category-portada"],"post_mailing_queue_ids":[],"_links":{"self":[{"href":"https:\/\/serveiseducatius.xtec.cat\/baixpenedes\/wp-json\/wp\/v2\/posts\/8254","targetHints":{"allow":["GET"]}}],"collection":[{"href":"https:\/\/serveiseducatius.xtec.cat\/baixpenedes\/wp-json\/wp\/v2\/posts"}],"about":[{"href":"https:\/\/serveiseducatius.xtec.cat\/baixpenedes\/wp-json\/wp\/v2\/types\/post"}],"author":[{"embeddable":true,"href":"https:\/\/serveiseducatius.xtec.cat\/baixpenedes\/wp-json\/wp\/v2\/users\/7"}],"replies":[{"embeddable":true,"href":"https:\/\/serveiseducatius.xtec.cat\/baixpenedes\/wp-json\/wp\/v2\/comments?post=8254"}],"version-history":[{"count":2,"href":"https:\/\/serveiseducatius.xtec.cat\/baixpenedes\/wp-json\/wp\/v2\/posts\/8254\/revisions"}],"predecessor-version":[{"id":8257,"href":"https:\/\/serveiseducatius.xtec.cat\/baixpenedes\/wp-json\/wp\/v2\/posts\/8254\/revisions\/8257"}],"wp:featuredmedia":[{"embeddable":true,"href":"https:\/\/serveiseducatius.xtec.cat\/baixpenedes\/wp-json\/wp\/v2\/media\/8255"}],"wp:attachment":[{"href":"https:\/\/serveiseducatius.xtec.cat\/baixpenedes\/wp-json\/wp\/v2\/media?parent=8254"}],"wp:term":[{"taxonomy":"category","embeddable":true,"href":"https:\/\/serveiseducatius.xtec.cat\/baixpenedes\/wp-json\/wp\/v2\/categories?post=8254"},{"taxonomy":"post_tag","embeddable":true,"href":"https:\/\/serveiseducatius.xtec.cat\/baixpenedes\/wp-json\/wp\/v2\/tags?post=8254"}],"curies":[{"name":"wp","href":"https:\/\/api.w.org\/{rel}","templated":true}]}}