{"id":8233,"date":"2017-11-09T12:04:18","date_gmt":"2017-11-09T11:04:18","guid":{"rendered":"http:\/\/serveiseducatius.xtec.cat\/baixpenedes\/?p=8233"},"modified":"2017-11-30T12:23:48","modified_gmt":"2017-11-30T11:23:48","slug":"jornada-de-la-xarxa-de-competencies-basiques","status":"publish","type":"post","link":"https:\/\/serveiseducatius.xtec.cat\/baixpenedes\/xerrades\/portada\/jornada-de-la-xarxa-de-competencies-basiques\/","title":{"rendered":"Jornada de la Xarxa de Compet\u00e8ncies B\u00e0siques"},"content":{"rendered":"<p><a href=\"http:\/\/blocs.xtec.cat\/xcbprojecte34\/category\/presentacio\/\" target=\"_blank\" rel=\"noopener noreferrer\"><img loading=\"lazy\" decoding=\"async\" class=\"alignnone wp-image-8234 size-full\" src=\"http:\/\/serveiseducatius.xtec.cat\/baixpenedes\/wp-content\/uploads\/usu764\/2017\/11\/jornada11112017XCB.png\" alt=\"\" width=\"880\" height=\"253\" srcset=\"https:\/\/serveiseducatius.xtec.cat\/baixpenedes\/wp-content\/uploads\/usu764\/2017\/11\/jornada11112017XCB.png 880w, https:\/\/serveiseducatius.xtec.cat\/baixpenedes\/wp-content\/uploads\/usu764\/2017\/11\/jornada11112017XCB-300x86.png 300w, https:\/\/serveiseducatius.xtec.cat\/baixpenedes\/wp-content\/uploads\/usu764\/2017\/11\/jornada11112017XCB-768x221.png 768w\" sizes=\"auto, (max-width: 880px) 100vw, 880px\" \/><\/a><\/p>\n<p>Bloc de la jornada: <a href=\"http:\/\/blocs.xtec.cat\/xcbprojecte34\/category\/presentacio\/\" target=\"_blank\" rel=\"noopener noreferrer\">http:\/\/blocs.xtec.cat\/xcbprojecte34\/category\/presentacio\/<\/a><\/p>\n<p>Dissabte 11 de novembre de 2017 tindr\u00e0 lloc una jornada de formaci\u00f3 de la Xarxa de compet\u00e8ncies b\u00e0siques a l&#8217;Auditori de Cornell\u00e0, oberta a tothom.<\/p>\n<p>La jornada tindr\u00e0 com a fil conductor la manera com la perspectiva de projectes facilita la igualtat d&#8217;oportunitats. Es comptar\u00e0 amb la pres\u00e8ncia del soci\u00f2leg Xavier Mart\u00ednez-Celorrio i es presentaran 4 dels projectes dels centres de la xarxa.<\/p>\n<p><a href=\"https:\/\/docs.google.com\/forms\/d\/e\/1FAIpQLSdFL_889oYGLb-HTiG3TqdoVklYm1pcoRNZ0pLPS51fGNyI8Q\/viewform\" target=\"_blank\" rel=\"noopener noreferrer\">Formulari d&#8217;inscripci\u00f3<\/a><\/p>\n","protected":false},"excerpt":{"rendered":"<p>Bloc de la jornada: http:\/\/blocs.xtec.cat\/xcbprojecte34\/category\/presentacio\/ Dissabte 11 de novembre de 2017 tindr\u00e0 lloc una jornada de formaci\u00f3 de la Xarxa de compet\u00e8ncies b\u00e0siques a l&#8217;Auditori de Cornell\u00e0, oberta a tothom. La jornada tindr\u00e0 com a fil conductor la manera com la perspectiva de projectes facilita la igualtat d&#8217;oportunitats. Es comptar\u00e0 amb la pres\u00e8ncia del soci\u00f2leg [&hellip;]<\/p>\n","protected":false},"author":7,"featured_media":8234,"comment_status":"closed","ping_status":"closed","sticky":false,"template":"","format":"standard","meta":{"_bbp_topic_count":0,"_bbp_reply_count":0,"_bbp_total_topic_count":0,"_bbp_total_reply_count":0,"_bbp_voice_count":0,"_bbp_anonymous_reply_count":0,"_bbp_topic_count_hidden":0,"_bbp_reply_count_hidden":0,"_bbp_forum_subforum_count":0,"site-sidebar-layout":"default","site-content-layout":"","ast-site-content-layout":"","site-content-style":"default","site-sidebar-style":"default","ast-global-header-display":"","ast-banner-title-visibility":"","ast-main-header-display":"","ast-hfb-above-header-display":"","ast-hfb-below-header-display":"","ast-hfb-mobile-header-display":"","site-post-title":"","ast-breadcrumbs-content":"","ast-featured-img":"","footer-sml-layout":"","theme-transparent-header-meta":"","adv-header-id-meta":"","stick-header-meta":"","header-above-stick-meta":"","header-main-stick-meta":"","header-below-stick-meta":"","astra-migrate-meta-layouts":"default","ast-page-background-enabled":"default","ast-page-background-meta":{"desktop":{"background-color":"var(--ast-global-color-4)","background-image":"","background-repeat":"repeat","background-position":"center center","background-size":"auto","background-attachment":"scroll","background-type":"","background-media":"","overlay-type":"","overlay-color":"","overlay-opacity":"","overlay-gradient":""},"tablet":{"background-color":"","background-image":"","background-repeat":"repeat","background-position":"center center","background-size":"auto","background-attachment":"scroll","background-type":"","background-media":"","overlay-type":"","overlay-color":"","overlay-opacity":"","overlay-gradient":""},"mobile":{"background-color":"","background-image":"","background-repeat":"repeat","background-position":"center center","background-size":"auto","background-attachment":"scroll","background-type":"","background-media":"","overlay-type":"","overlay-color":"","overlay-opacity":"","overlay-gradient":""}},"ast-content-background-meta":{"desktop":{"background-color":"var(--ast-global-color-5)","background-image":"","background-repeat":"repeat","background-position":"center center","background-size":"auto","background-attachment":"scroll","background-type":"","background-media":"","overlay-type":"","overlay-color":"","overlay-opacity":"","overlay-gradient":""},"tablet":{"background-color":"var(--ast-global-color-5)","background-image":"","background-repeat":"repeat","background-position":"center center","background-size":"auto","background-attachment":"scroll","background-type":"","background-media":"","overlay-type":"","overlay-color":"","overlay-opacity":"","overlay-gradient":""},"mobile":{"background-color":"var(--ast-global-color-5)","background-image":"","background-repeat":"repeat","background-position":"center center","background-size":"auto","background-attachment":"scroll","background-type":"","background-media":"","overlay-type":"","overlay-color":"","overlay-opacity":"","overlay-gradient":""}},"footnotes":""},"categories":[29],"tags":[],"class_list":["post-8233","post","type-post","status-publish","format-standard","has-post-thumbnail","hentry","category-portada"],"post_mailing_queue_ids":[],"_links":{"self":[{"href":"https:\/\/serveiseducatius.xtec.cat\/baixpenedes\/wp-json\/wp\/v2\/posts\/8233","targetHints":{"allow":["GET"]}}],"collection":[{"href":"https:\/\/serveiseducatius.xtec.cat\/baixpenedes\/wp-json\/wp\/v2\/posts"}],"about":[{"href":"https:\/\/serveiseducatius.xtec.cat\/baixpenedes\/wp-json\/wp\/v2\/types\/post"}],"author":[{"embeddable":true,"href":"https:\/\/serveiseducatius.xtec.cat\/baixpenedes\/wp-json\/wp\/v2\/users\/7"}],"replies":[{"embeddable":true,"href":"https:\/\/serveiseducatius.xtec.cat\/baixpenedes\/wp-json\/wp\/v2\/comments?post=8233"}],"version-history":[{"count":1,"href":"https:\/\/serveiseducatius.xtec.cat\/baixpenedes\/wp-json\/wp\/v2\/posts\/8233\/revisions"}],"predecessor-version":[{"id":8235,"href":"https:\/\/serveiseducatius.xtec.cat\/baixpenedes\/wp-json\/wp\/v2\/posts\/8233\/revisions\/8235"}],"wp:featuredmedia":[{"embeddable":true,"href":"https:\/\/serveiseducatius.xtec.cat\/baixpenedes\/wp-json\/wp\/v2\/media\/8234"}],"wp:attachment":[{"href":"https:\/\/serveiseducatius.xtec.cat\/baixpenedes\/wp-json\/wp\/v2\/media?parent=8233"}],"wp:term":[{"taxonomy":"category","embeddable":true,"href":"https:\/\/serveiseducatius.xtec.cat\/baixpenedes\/wp-json\/wp\/v2\/categories?post=8233"},{"taxonomy":"post_tag","embeddable":true,"href":"https:\/\/serveiseducatius.xtec.cat\/baixpenedes\/wp-json\/wp\/v2\/tags?post=8233"}],"curies":[{"name":"wp","href":"https:\/\/api.w.org\/{rel}","templated":true}]}}