{"id":8088,"date":"2017-09-18T15:26:20","date_gmt":"2017-09-18T13:26:20","guid":{"rendered":"http:\/\/serveiseducatius.xtec.cat\/baixpenedes\/?p=8088"},"modified":"2017-09-18T15:28:07","modified_gmt":"2017-09-18T13:28:07","slug":"lliga-de-debat-secundaria-i-batxillerat","status":"publish","type":"post","link":"https:\/\/serveiseducatius.xtec.cat\/baixpenedes\/xerrades\/portada\/lliga-de-debat-secundaria-i-batxillerat\/","title":{"rendered":"Lliga de debat. Secund\u00e0ria i batxillerat."},"content":{"rendered":"<p><a href=\"http:\/\/www.vives.org\/serveis\/lliga-de-debat\/lliga-de-debat-de-secundaria-i-batxillerat\/\" target=\"_blank\" rel=\"noopener noreferrer\"><img loading=\"lazy\" decoding=\"async\" class=\"alignleft wp-image-8089 size-full\" src=\"http:\/\/serveiseducatius.xtec.cat\/baixpenedes\/wp-content\/uploads\/usu764\/2017\/09\/lligadebat.png\" alt=\"\" width=\"428\" height=\"250\" srcset=\"https:\/\/serveiseducatius.xtec.cat\/baixpenedes\/wp-content\/uploads\/usu764\/2017\/09\/lligadebat.png 428w, https:\/\/serveiseducatius.xtec.cat\/baixpenedes\/wp-content\/uploads\/usu764\/2017\/09\/lligadebat-300x175.png 300w\" sizes=\"auto, (max-width: 428px) 100vw, 428px\" \/><\/a><\/p>\n<p>La\u00a0<a href=\"http:\/\/www.vives.org\/serveis\/lliga-de-debat\/lliga-de-debat-de-secundaria-i-batxillerat\/\" target=\"_blank\" rel=\"noopener noreferrer\" data-saferedirecturl=\"https:\/\/www.google.com\/url?hl=ca&amp;q=http:\/\/www.vives.org\/serveis\/lliga-de-debat\/lliga-de-debat-de-secundaria-i-batxillerat\/&amp;source=gmail&amp;ust=1505820837300000&amp;usg=AFQjCNFxqE-i8wIRsjQW1FuPtR_pg_FOrQ\"><strong>Lliga\u00a0de\u00a0Debat\u00a0de Secund\u00e0ria i Batxillerat<\/strong><\/a>, una competici\u00f3 en la qual diversos equips d\u2019estudiants\u00a0(de 4rt d\u2019ESO, batxillerat, cicles formatius i universitaris) s\u2019enfronten dial\u00e8cticament sobre un tema pol\u00e8mic i d\u2019actualitat.<\/p>\n<p>\u00c9s una oportunitat de formaci\u00f3 en qu\u00e8 els estudiants aprenen a parlar en p\u00fablic, a fer equip i a saber defensar un tema tant a favor com en contra, utilitzant el catal\u00e0 com a llengua vehicular, amb l\u2019objectiu de fomentar l\u2019\u00fas de la paraula i promoure el talent dels estudiants.<\/p>\n<p>A m\u00e9s, contribueix a fixar les bases per a la pr\u00e0ctica d\u2019habilitats amb import\u00e0ncia fonamental en qualsevol \u00e0mbit professional.<\/p>\n<ul>\n<li><a href=\"http:\/\/www.vives.org\/serveis\/lliga-de-debat\/lliga-de-debat-de-secundaria-i-batxillerat\/\" target=\"_blank\" rel=\"noopener noreferrer\" data-saferedirecturl=\"https:\/\/www.google.com\/url?hl=ca&amp;q=http:\/\/www.vives.org\/serveis\/lliga-de-debat\/lliga-de-debat-de-secundaria-i-batxillerat\/&amp;source=gmail&amp;ust=1505820837301000&amp;usg=AFQjCNFD2x6Ha9VmVCAMK0QDPLnL-LqVjg\"><strong>Lliga\u00a0de\u00a0Debat\u00a0de Secund\u00e0ria i Batxillerat<\/strong><\/a><\/li>\n<\/ul>\n<ul>\n<li><strong><a href=\"http:\/\/www.vives.org\/serveis\/lliga-de-debat\/lliga-de-debat-de-secundaria-i-batxillerat\/__edicio-2018\/__inscripcions\/\" target=\"_blank\" rel=\"noopener noreferrer\" data-saferedirecturl=\"https:\/\/www.google.com\/url?hl=ca&amp;q=http:\/\/www.vives.org\/serveis\/lliga-de-debat\/lliga-de-debat-de-secundaria-i-batxillerat\/__edicio-2018\/__inscripcions\/&amp;source=gmail&amp;ust=1505820837301000&amp;usg=AFQjCNGeaXF3ejOymEdS7Igm_ub3zN77cA\">Preinscripci\u00f3<\/a>\u00a0del 2 d\u2019octubre al 10 de novembre<\/strong><\/li>\n<\/ul>\n<ul>\n<li>Organitza:\u00a0<a href=\"http:\/\/www.vives.org\/\" target=\"_blank\" rel=\"noopener noreferrer\" data-saferedirecturl=\"https:\/\/www.google.com\/url?hl=ca&amp;q=http:\/\/www.vives.org\/&amp;source=gmail&amp;ust=1505820837301000&amp;usg=AFQjCNErbO46bcAyMVvRu4s3tDXEl0PMyA\">Xarxa Vives d&#8217;Universitats<br \/>\n<\/a><\/li>\n<\/ul>\n<p>&nbsp;<\/p>\n","protected":false},"excerpt":{"rendered":"<p>La\u00a0Lliga\u00a0de\u00a0Debat\u00a0de Secund\u00e0ria i Batxillerat, una competici\u00f3 en la qual diversos equips d\u2019estudiants\u00a0(de 4rt d\u2019ESO, batxillerat, cicles formatius i universitaris) s\u2019enfronten dial\u00e8cticament sobre un tema pol\u00e8mic i d\u2019actualitat. \u00c9s una oportunitat de formaci\u00f3 en qu\u00e8 els estudiants aprenen a parlar en p\u00fablic, a fer equip i a saber defensar un tema tant a favor com en [&hellip;]<\/p>\n","protected":false},"author":7,"featured_media":7076,"comment_status":"open","ping_status":"closed","sticky":false,"template":"","format":"standard","meta":{"_bbp_topic_count":0,"_bbp_reply_count":0,"_bbp_total_topic_count":0,"_bbp_total_reply_count":0,"_bbp_voice_count":0,"_bbp_anonymous_reply_count":0,"_bbp_topic_count_hidden":0,"_bbp_reply_count_hidden":0,"_bbp_forum_subforum_count":0,"site-sidebar-layout":"default","site-content-layout":"","ast-site-content-layout":"","site-content-style":"default","site-sidebar-style":"default","ast-global-header-display":"","ast-banner-title-visibility":"","ast-main-header-display":"","ast-hfb-above-header-display":"","ast-hfb-below-header-display":"","ast-hfb-mobile-header-display":"","site-post-title":"","ast-breadcrumbs-content":"","ast-featured-img":"","footer-sml-layout":"","theme-transparent-header-meta":"","adv-header-id-meta":"","stick-header-meta":"","header-above-stick-meta":"","header-main-stick-meta":"","header-below-stick-meta":"","astra-migrate-meta-layouts":"default","ast-page-background-enabled":"default","ast-page-background-meta":{"desktop":{"background-color":"var(--ast-global-color-4)","background-image":"","background-repeat":"repeat","background-position":"center center","background-size":"auto","background-attachment":"scroll","background-type":"","background-media":"","overlay-type":"","overlay-color":"","overlay-opacity":"","overlay-gradient":""},"tablet":{"background-color":"","background-image":"","background-repeat":"repeat","background-position":"center center","background-size":"auto","background-attachment":"scroll","background-type":"","background-media":"","overlay-type":"","overlay-color":"","overlay-opacity":"","overlay-gradient":""},"mobile":{"background-color":"","background-image":"","background-repeat":"repeat","background-position":"center center","background-size":"auto","background-attachment":"scroll","background-type":"","background-media":"","overlay-type":"","overlay-color":"","overlay-opacity":"","overlay-gradient":""}},"ast-content-background-meta":{"desktop":{"background-color":"var(--ast-global-color-5)","background-image":"","background-repeat":"repeat","background-position":"center center","background-size":"auto","background-attachment":"scroll","background-type":"","background-media":"","overlay-type":"","overlay-color":"","overlay-opacity":"","overlay-gradient":""},"tablet":{"background-color":"var(--ast-global-color-5)","background-image":"","background-repeat":"repeat","background-position":"center center","background-size":"auto","background-attachment":"scroll","background-type":"","background-media":"","overlay-type":"","overlay-color":"","overlay-opacity":"","overlay-gradient":""},"mobile":{"background-color":"var(--ast-global-color-5)","background-image":"","background-repeat":"repeat","background-position":"center center","background-size":"auto","background-attachment":"scroll","background-type":"","background-media":"","overlay-type":"","overlay-color":"","overlay-opacity":"","overlay-gradient":""}},"footnotes":""},"categories":[346,29],"tags":[],"class_list":["post-8088","post","type-post","status-publish","format-standard","has-post-thumbnail","hentry","category-activitats-catalunya","category-portada"],"post_mailing_queue_ids":[],"_links":{"self":[{"href":"https:\/\/serveiseducatius.xtec.cat\/baixpenedes\/wp-json\/wp\/v2\/posts\/8088","targetHints":{"allow":["GET"]}}],"collection":[{"href":"https:\/\/serveiseducatius.xtec.cat\/baixpenedes\/wp-json\/wp\/v2\/posts"}],"about":[{"href":"https:\/\/serveiseducatius.xtec.cat\/baixpenedes\/wp-json\/wp\/v2\/types\/post"}],"author":[{"embeddable":true,"href":"https:\/\/serveiseducatius.xtec.cat\/baixpenedes\/wp-json\/wp\/v2\/users\/7"}],"replies":[{"embeddable":true,"href":"https:\/\/serveiseducatius.xtec.cat\/baixpenedes\/wp-json\/wp\/v2\/comments?post=8088"}],"version-history":[{"count":2,"href":"https:\/\/serveiseducatius.xtec.cat\/baixpenedes\/wp-json\/wp\/v2\/posts\/8088\/revisions"}],"predecessor-version":[{"id":8091,"href":"https:\/\/serveiseducatius.xtec.cat\/baixpenedes\/wp-json\/wp\/v2\/posts\/8088\/revisions\/8091"}],"wp:featuredmedia":[{"embeddable":true,"href":"https:\/\/serveiseducatius.xtec.cat\/baixpenedes\/wp-json\/wp\/v2\/media\/7076"}],"wp:attachment":[{"href":"https:\/\/serveiseducatius.xtec.cat\/baixpenedes\/wp-json\/wp\/v2\/media?parent=8088"}],"wp:term":[{"taxonomy":"category","embeddable":true,"href":"https:\/\/serveiseducatius.xtec.cat\/baixpenedes\/wp-json\/wp\/v2\/categories?post=8088"},{"taxonomy":"post_tag","embeddable":true,"href":"https:\/\/serveiseducatius.xtec.cat\/baixpenedes\/wp-json\/wp\/v2\/tags?post=8088"}],"curies":[{"name":"wp","href":"https:\/\/api.w.org\/{rel}","templated":true}]}}