{"id":7982,"date":"2017-07-11T12:02:27","date_gmt":"2017-07-11T10:02:27","guid":{"rendered":"http:\/\/serveiseducatius.xtec.cat\/baixpenedes\/?p=7982"},"modified":"2017-07-11T12:04:25","modified_gmt":"2017-07-11T10:04:25","slug":"v-premi-escola-agricultura-i-alimentacio-ecologica-termini-presentacio-15-juliol","status":"publish","type":"post","link":"https:\/\/serveiseducatius.xtec.cat\/baixpenedes\/general\/v-premi-escola-agricultura-i-alimentacio-ecologica-termini-presentacio-15-juliol\/","title":{"rendered":"V Premi Escola, agricultura i alimentaci\u00f3 ecol\u00f2gica. Termini presentaci\u00f3: 15 juliol"},"content":{"rendered":"<div class=\"gmail_default\">\n<p><img loading=\"lazy\" decoding=\"async\" class=\"alignnone size-large wp-image-7984\" src=\"http:\/\/serveiseducatius.xtec.cat\/baixpenedes\/wp-content\/uploads\/usu764\/2017\/07\/PremiEscola_1200x82.jpg_34546788-1024x70.jpg\" alt=\"\" width=\"1024\" height=\"70\" srcset=\"https:\/\/serveiseducatius.xtec.cat\/baixpenedes\/wp-content\/uploads\/usu764\/2017\/07\/PremiEscola_1200x82.jpg_34546788-1024x70.jpg 1024w, https:\/\/serveiseducatius.xtec.cat\/baixpenedes\/wp-content\/uploads\/usu764\/2017\/07\/PremiEscola_1200x82.jpg_34546788-300x21.jpg 300w, https:\/\/serveiseducatius.xtec.cat\/baixpenedes\/wp-content\/uploads\/usu764\/2017\/07\/PremiEscola_1200x82.jpg_34546788-768x52.jpg 768w, https:\/\/serveiseducatius.xtec.cat\/baixpenedes\/wp-content\/uploads\/usu764\/2017\/07\/PremiEscola_1200x82.jpg_34546788.jpg 1200w\" sizes=\"auto, (max-width: 1024px) 100vw, 1024px\" \/><\/p>\n<p>Convocat\u00f2ria del <b>V <span class=\"m_7820242997833260892m_-8303415907609689689m_8385578900542482884gmail-il\">Premi<\/span> Escola, <span class=\"m_7820242997833260892m_-8303415907609689689m_8385578900542482884gmail-il\">agricultura<\/span> i alimentaci\u00f3 ecol\u00f2gica<\/b>.<b> <\/b><\/p>\n<p>El<b> termini <\/b>\u00e9s el <b>15 de juliol<\/b> i es poden presentar projectes, experi\u00e8ncies i materials d&#8217;aquesta tem\u00e0tica que hagin perm\u00e8s la millora de l&#8217;aprenentatge competencial de l&#8217;alumne<i>.<\/i><\/p>\n<\/div>\n<div class=\"gmail_default\">Bases del <span class=\"m_7820242997833260892m_-8303415907609689689m_8385578900542482884gmail-m_-3003554903165763270m_7902721669755092256m_-4368964709328776629gmail-m_-5597609136807525821m_7398540823176590908gmail-il\"><span class=\"m_7820242997833260892m_-8303415907609689689m_8385578900542482884gmail-il\">premi<\/span><\/span> i inscripci\u00f3<br \/>\n&lt;<a href=\"http:\/\/pae.gencat.cat\/ca\/detall\/Article\/Premi_EAAE\" target=\"_blank\" rel=\"noopener noreferrer\" data-saferedirecturl=\"https:\/\/www.google.com\/url?hl=ca&amp;q=http:\/\/pae.gencat.cat\/ca\/detall\/Article\/Premi_EAAE&amp;source=gmail&amp;ust=1499852078284000&amp;usg=AFQjCNFhocDPzVM0wRaH51ucLj30RAHuXg\">http:\/\/pae.gencat.cat\/ca\/deta<wbr \/>ll\/Article\/Premi_EAAE<\/a>&gt;<\/div>\n","protected":false},"excerpt":{"rendered":"<p>Convocat\u00f2ria del V Premi Escola, agricultura i alimentaci\u00f3 ecol\u00f2gica. El termini \u00e9s el 15 de juliol i es poden presentar projectes, experi\u00e8ncies i materials d&#8217;aquesta tem\u00e0tica que hagin perm\u00e8s la millora de l&#8217;aprenentatge competencial de l&#8217;alumne. Bases del premi i inscripci\u00f3 &lt;http:\/\/pae.gencat.cat\/ca\/detall\/Article\/Premi_EAAE&gt;<\/p>\n","protected":false},"author":7,"featured_media":0,"comment_status":"open","ping_status":"closed","sticky":false,"template":"","format":"standard","meta":{"_bbp_topic_count":0,"_bbp_reply_count":0,"_bbp_total_topic_count":0,"_bbp_total_reply_count":0,"_bbp_voice_count":0,"_bbp_anonymous_reply_count":0,"_bbp_topic_count_hidden":0,"_bbp_reply_count_hidden":0,"_bbp_forum_subforum_count":0,"site-sidebar-layout":"default","site-content-layout":"","ast-site-content-layout":"","site-content-style":"default","site-sidebar-style":"default","ast-global-header-display":"","ast-banner-title-visibility":"","ast-main-header-display":"","ast-hfb-above-header-display":"","ast-hfb-below-header-display":"","ast-hfb-mobile-header-display":"","site-post-title":"","ast-breadcrumbs-content":"","ast-featured-img":"","footer-sml-layout":"","theme-transparent-header-meta":"","adv-header-id-meta":"","stick-header-meta":"","header-above-stick-meta":"","header-main-stick-meta":"","header-below-stick-meta":"","astra-migrate-meta-layouts":"default","ast-page-background-enabled":"default","ast-page-background-meta":{"desktop":{"background-color":"var(--ast-global-color-4)","background-image":"","background-repeat":"repeat","background-position":"center center","background-size":"auto","background-attachment":"scroll","background-type":"","background-media":"","overlay-type":"","overlay-color":"","overlay-opacity":"","overlay-gradient":""},"tablet":{"background-color":"","background-image":"","background-repeat":"repeat","background-position":"center center","background-size":"auto","background-attachment":"scroll","background-type":"","background-media":"","overlay-type":"","overlay-color":"","overlay-opacity":"","overlay-gradient":""},"mobile":{"background-color":"","background-image":"","background-repeat":"repeat","background-position":"center center","background-size":"auto","background-attachment":"scroll","background-type":"","background-media":"","overlay-type":"","overlay-color":"","overlay-opacity":"","overlay-gradient":""}},"ast-content-background-meta":{"desktop":{"background-color":"var(--ast-global-color-5)","background-image":"","background-repeat":"repeat","background-position":"center center","background-size":"auto","background-attachment":"scroll","background-type":"","background-media":"","overlay-type":"","overlay-color":"","overlay-opacity":"","overlay-gradient":""},"tablet":{"background-color":"var(--ast-global-color-5)","background-image":"","background-repeat":"repeat","background-position":"center center","background-size":"auto","background-attachment":"scroll","background-type":"","background-media":"","overlay-type":"","overlay-color":"","overlay-opacity":"","overlay-gradient":""},"mobile":{"background-color":"var(--ast-global-color-5)","background-image":"","background-repeat":"repeat","background-position":"center center","background-size":"auto","background-attachment":"scroll","background-type":"","background-media":"","overlay-type":"","overlay-color":"","overlay-opacity":"","overlay-gradient":""}},"footnotes":""},"categories":[346,1,29],"tags":[],"class_list":["post-7982","post","type-post","status-publish","format-standard","hentry","category-activitats-catalunya","category-general","category-portada"],"post_mailing_queue_ids":[],"_links":{"self":[{"href":"https:\/\/serveiseducatius.xtec.cat\/baixpenedes\/wp-json\/wp\/v2\/posts\/7982","targetHints":{"allow":["GET"]}}],"collection":[{"href":"https:\/\/serveiseducatius.xtec.cat\/baixpenedes\/wp-json\/wp\/v2\/posts"}],"about":[{"href":"https:\/\/serveiseducatius.xtec.cat\/baixpenedes\/wp-json\/wp\/v2\/types\/post"}],"author":[{"embeddable":true,"href":"https:\/\/serveiseducatius.xtec.cat\/baixpenedes\/wp-json\/wp\/v2\/users\/7"}],"replies":[{"embeddable":true,"href":"https:\/\/serveiseducatius.xtec.cat\/baixpenedes\/wp-json\/wp\/v2\/comments?post=7982"}],"version-history":[{"count":2,"href":"https:\/\/serveiseducatius.xtec.cat\/baixpenedes\/wp-json\/wp\/v2\/posts\/7982\/revisions"}],"predecessor-version":[{"id":7985,"href":"https:\/\/serveiseducatius.xtec.cat\/baixpenedes\/wp-json\/wp\/v2\/posts\/7982\/revisions\/7985"}],"wp:attachment":[{"href":"https:\/\/serveiseducatius.xtec.cat\/baixpenedes\/wp-json\/wp\/v2\/media?parent=7982"}],"wp:term":[{"taxonomy":"category","embeddable":true,"href":"https:\/\/serveiseducatius.xtec.cat\/baixpenedes\/wp-json\/wp\/v2\/categories?post=7982"},{"taxonomy":"post_tag","embeddable":true,"href":"https:\/\/serveiseducatius.xtec.cat\/baixpenedes\/wp-json\/wp\/v2\/tags?post=7982"}],"curies":[{"name":"wp","href":"https:\/\/api.w.org\/{rel}","templated":true}]}}