{"id":7671,"date":"2017-06-19T09:59:47","date_gmt":"2017-06-19T07:59:47","guid":{"rendered":"http:\/\/serveiseducatius.xtec.cat\/baixpenedes\/?p=7671"},"modified":"2017-06-26T09:24:38","modified_gmt":"2017-06-26T07:24:38","slug":"sisena-edicio-de-lacte-intergeneracional-musicavis","status":"publish","type":"post","link":"https:\/\/serveiseducatius.xtec.cat\/baixpenedes\/xerrades\/portada\/sisena-edicio-de-lacte-intergeneracional-musicavis\/","title":{"rendered":"Sisena edici\u00f3 de l&#8217;acte intergeneracional Musicavis"},"content":{"rendered":"<p>El Vendrell celebra la sisena edici\u00f3 de l&#8217;acte intergeneracional Musicavis<br \/>\nAlumnes d&#8217;ESO han fet un concert de flauta amb una projecci\u00f3 audiovisual per a avis.<\/p>\n<div class=\"ast-oembed-container \" style=\"height: 100%;\"><iframe loading=\"lazy\" title=\"MUSICAVIS 2017.\" width=\"500\" height=\"281\" src=\"https:\/\/www.youtube.com\/embed\/iYl0EULfiaQ?feature=oembed\" frameborder=\"0\" allow=\"accelerometer; autoplay; clipboard-write; encrypted-media; gyroscope; picture-in-picture; web-share\" referrerpolicy=\"strict-origin-when-cross-origin\" allowfullscreen><\/iframe><\/div>\n<p><img loading=\"lazy\" decoding=\"async\" class=\"wp-image-7672 alignleft\" src=\"http:\/\/serveiseducatius.xtec.cat\/baixpenedes\/wp-content\/uploads\/usu764\/2017\/06\/un-instant-del-musicavis-que-sha-fet-al-vendrell.jpg\" alt=\"un-instant-del-musicavis-que-sha-fet-al-vendrell\" width=\"354\" height=\"233\" srcset=\"https:\/\/serveiseducatius.xtec.cat\/baixpenedes\/wp-content\/uploads\/usu764\/2017\/06\/un-instant-del-musicavis-que-sha-fet-al-vendrell.jpg 760w, https:\/\/serveiseducatius.xtec.cat\/baixpenedes\/wp-content\/uploads\/usu764\/2017\/06\/un-instant-del-musicavis-que-sha-fet-al-vendrell-300x198.jpg 300w\" sizes=\"auto, (max-width: 354px) 100vw, 354px\" \/><\/p>\n<p>Alumnes de quart d&#8217;ESO de l&#8217;institut Mediterr\u00e0nia del Vendrell van fer el passat dilluns el ja tradicional concert de flauta amb una projecci\u00f3 audiovisual al Centre C\u00edvic l&#8217;Estaci\u00f3. Aquesta activitat s&#8217;emmarca en el projecte Musicavis, que enguany arriba a la seva sisena edici\u00f3. \u00c9s una proposta educativa impulsada pel seminari de M\u00fasica de l&#8217;institut Mediterr\u00e0nia del Vendrell, que compta amb la col\u00b7laboraci\u00f3 de l&#8217;\u00c0rea de Gent Gran de l&#8217;Ajuntament del Vendrell i del m\u00f2dul d&#8217;Imatge i so de l&#8217;Escola d&#8217;Oficis. En aquest projecte, els alumnes es preparen en el coneixement del llenguatge musical i la pr\u00e0ctica instrumental per tal d&#8217;assolir un repertori musical atractiu i interessant per a persones de la tercera edat.<\/p>\n<p><a href=\"http:\/\/delcamp.cat\/baixpenedesdiari\/noticia\/8281\/el-vendrell-celebra-la-sisena-edicio-de-lacte-intergeneracional-musicavis\" target=\"_blank\">Consulta de la not\u00edcia a BaixPened\u00e8sDiari.cat<\/a><\/p>\n","protected":false},"excerpt":{"rendered":"<p>El Vendrell celebra la sisena edici\u00f3 de l&#8217;acte intergeneracional Musicavis Alumnes d&#8217;ESO han fet un concert de flauta amb una projecci\u00f3 audiovisual per a avis. Alumnes de quart d&#8217;ESO de l&#8217;institut Mediterr\u00e0nia del Vendrell van fer el passat dilluns el ja tradicional concert de flauta amb una projecci\u00f3 audiovisual al Centre C\u00edvic l&#8217;Estaci\u00f3. Aquesta activitat [&hellip;]<\/p>\n","protected":false},"author":7,"featured_media":7672,"comment_status":"open","ping_status":"closed","sticky":false,"template":"","format":"standard","meta":{"_bbp_topic_count":0,"_bbp_reply_count":0,"_bbp_total_topic_count":0,"_bbp_total_reply_count":0,"_bbp_voice_count":0,"_bbp_anonymous_reply_count":0,"_bbp_topic_count_hidden":0,"_bbp_reply_count_hidden":0,"_bbp_forum_subforum_count":0,"site-sidebar-layout":"default","site-content-layout":"","ast-site-content-layout":"","site-content-style":"default","site-sidebar-style":"default","ast-global-header-display":"","ast-banner-title-visibility":"","ast-main-header-display":"","ast-hfb-above-header-display":"","ast-hfb-below-header-display":"","ast-hfb-mobile-header-display":"","site-post-title":"","ast-breadcrumbs-content":"","ast-featured-img":"","footer-sml-layout":"","theme-transparent-header-meta":"","adv-header-id-meta":"","stick-header-meta":"","header-above-stick-meta":"","header-main-stick-meta":"","header-below-stick-meta":"","astra-migrate-meta-layouts":"default","ast-page-background-enabled":"default","ast-page-background-meta":{"desktop":{"background-color":"var(--ast-global-color-4)","background-image":"","background-repeat":"repeat","background-position":"center center","background-size":"auto","background-attachment":"scroll","background-type":"","background-media":"","overlay-type":"","overlay-color":"","overlay-opacity":"","overlay-gradient":""},"tablet":{"background-color":"","background-image":"","background-repeat":"repeat","background-position":"center center","background-size":"auto","background-attachment":"scroll","background-type":"","background-media":"","overlay-type":"","overlay-color":"","overlay-opacity":"","overlay-gradient":""},"mobile":{"background-color":"","background-image":"","background-repeat":"repeat","background-position":"center center","background-size":"auto","background-attachment":"scroll","background-type":"","background-media":"","overlay-type":"","overlay-color":"","overlay-opacity":"","overlay-gradient":""}},"ast-content-background-meta":{"desktop":{"background-color":"var(--ast-global-color-5)","background-image":"","background-repeat":"repeat","background-position":"center center","background-size":"auto","background-attachment":"scroll","background-type":"","background-media":"","overlay-type":"","overlay-color":"","overlay-opacity":"","overlay-gradient":""},"tablet":{"background-color":"var(--ast-global-color-5)","background-image":"","background-repeat":"repeat","background-position":"center center","background-size":"auto","background-attachment":"scroll","background-type":"","background-media":"","overlay-type":"","overlay-color":"","overlay-opacity":"","overlay-gradient":""},"mobile":{"background-color":"var(--ast-global-color-5)","background-image":"","background-repeat":"repeat","background-position":"center center","background-size":"auto","background-attachment":"scroll","background-type":"","background-media":"","overlay-type":"","overlay-color":"","overlay-opacity":"","overlay-gradient":""}},"footnotes":""},"categories":[262,29,77],"tags":[],"class_list":["post-7671","post","type-post","status-publish","format-standard","has-post-thumbnail","hentry","category-activitats-dels-centres","category-portada","category-servei-comunitari"],"post_mailing_queue_ids":[],"_links":{"self":[{"href":"https:\/\/serveiseducatius.xtec.cat\/baixpenedes\/wp-json\/wp\/v2\/posts\/7671","targetHints":{"allow":["GET"]}}],"collection":[{"href":"https:\/\/serveiseducatius.xtec.cat\/baixpenedes\/wp-json\/wp\/v2\/posts"}],"about":[{"href":"https:\/\/serveiseducatius.xtec.cat\/baixpenedes\/wp-json\/wp\/v2\/types\/post"}],"author":[{"embeddable":true,"href":"https:\/\/serveiseducatius.xtec.cat\/baixpenedes\/wp-json\/wp\/v2\/users\/7"}],"replies":[{"embeddable":true,"href":"https:\/\/serveiseducatius.xtec.cat\/baixpenedes\/wp-json\/wp\/v2\/comments?post=7671"}],"version-history":[{"count":3,"href":"https:\/\/serveiseducatius.xtec.cat\/baixpenedes\/wp-json\/wp\/v2\/posts\/7671\/revisions"}],"predecessor-version":[{"id":7954,"href":"https:\/\/serveiseducatius.xtec.cat\/baixpenedes\/wp-json\/wp\/v2\/posts\/7671\/revisions\/7954"}],"wp:featuredmedia":[{"embeddable":true,"href":"https:\/\/serveiseducatius.xtec.cat\/baixpenedes\/wp-json\/wp\/v2\/media\/7672"}],"wp:attachment":[{"href":"https:\/\/serveiseducatius.xtec.cat\/baixpenedes\/wp-json\/wp\/v2\/media?parent=7671"}],"wp:term":[{"taxonomy":"category","embeddable":true,"href":"https:\/\/serveiseducatius.xtec.cat\/baixpenedes\/wp-json\/wp\/v2\/categories?post=7671"},{"taxonomy":"post_tag","embeddable":true,"href":"https:\/\/serveiseducatius.xtec.cat\/baixpenedes\/wp-json\/wp\/v2\/tags?post=7671"}],"curies":[{"name":"wp","href":"https:\/\/api.w.org\/{rel}","templated":true}]}}