{"id":7591,"date":"2017-05-30T14:12:21","date_gmt":"2017-05-30T12:12:21","guid":{"rendered":"http:\/\/serveiseducatius.xtec.cat\/baixpenedes\/?p=7591"},"modified":"2017-05-30T14:15:43","modified_gmt":"2017-05-30T12:15:43","slug":"inscripcions-a-la-2a-jornada-dmrbtktgn","status":"publish","type":"post","link":"https:\/\/serveiseducatius.xtec.cat\/baixpenedes\/xerrades\/portada\/inscripcions-a-la-2a-jornada-dmrbtktgn\/","title":{"rendered":"Inscripcions a la 2a Jornada #DMRBTKTGN"},"content":{"rendered":"<p><a href=\"https:\/\/blocs.xtec.cat\/dmrbtktgn\/inscripcio\/\" target=\"_blank\"><img loading=\"lazy\" decoding=\"async\" class=\"alignnone wp-image-7592\" src=\"http:\/\/serveiseducatius.xtec.cat\/baixpenedes\/wp-content\/uploads\/usu764\/2017\/05\/DMRBTKTGN.png\" alt=\"#DMRBTKTGN\" width=\"538\" height=\"154\" srcset=\"https:\/\/serveiseducatius.xtec.cat\/baixpenedes\/wp-content\/uploads\/usu764\/2017\/05\/DMRBTKTGN.png 895w, https:\/\/serveiseducatius.xtec.cat\/baixpenedes\/wp-content\/uploads\/usu764\/2017\/05\/DMRBTKTGN-300x86.png 300w, https:\/\/serveiseducatius.xtec.cat\/baixpenedes\/wp-content\/uploads\/usu764\/2017\/05\/DMRBTKTGN-768x220.png 768w\" sizes=\"auto, (max-width: 538px) 100vw, 538px\" \/><\/a><\/p>\n<div>El proper 7 de juny, dimecres, de 16 a 20 h se celebrar\u00e0 la 2a Jornada #DMRBTKTGN a les instal\u00b7lacions de l&#8217;Escola Sant Salvador de Tarragona.<\/div>\n<p>&nbsp;<\/p>\n<p>Estan obertes les inscripcions a la Jornada<\/p>\n<p>Per participar amb alumnes cal emplenar el formulari que trobareu aqu\u00ed:\u00a0<a href=\"https:\/\/goo.gl\/forms\/9R56qzDVUjzCCqAE2\" target=\"_blank\">https:\/\/goo.gl\/forms\/9R56qzDVUjzCCqAE2<\/a><\/p>\n<p>\u00c9s important tamb\u00e9 que, tant si porteu alumnes com si veniu de p\u00fablic, feu la vostra <b>inscripci\u00f3<\/b> via\u00a0<a href=\"https:\/\/blocs.xtec.cat\/dmrbtktgn\/inscripcio\/\" target=\"_blank\" data-saferedirecturl=\"https:\/\/www.google.com\/url?hl=ca&amp;q=https:\/\/blocs.xtec.cat\/dmrbtktgn\/inscripcio\/&amp;source=gmail&amp;ust=1496230727460000&amp;usg=AFQjCNHjZH02xZ_5CQUGZRNxIrp8e5PCQg\">https:\/\/blocs.xtec.cat\/dmr<wbr \/>btktgn\/inscripcio\/<\/a><\/p>\n","protected":false},"excerpt":{"rendered":"<p>El proper 7 de juny, dimecres, de 16 a 20 h se celebrar\u00e0 la 2a Jornada #DMRBTKTGN a les instal\u00b7lacions de l&#8217;Escola Sant Salvador de Tarragona. &nbsp; Estan obertes les inscripcions a la Jornada Per participar amb alumnes cal emplenar el formulari que trobareu aqu\u00ed:\u00a0https:\/\/goo.gl\/forms\/9R56qzDVUjzCCqAE2 \u00c9s important tamb\u00e9 que, tant si porteu alumnes com si [&hellip;]<\/p>\n","protected":false},"author":7,"featured_media":7592,"comment_status":"open","ping_status":"closed","sticky":false,"template":"","format":"standard","meta":{"_bbp_topic_count":0,"_bbp_reply_count":0,"_bbp_total_topic_count":0,"_bbp_total_reply_count":0,"_bbp_voice_count":0,"_bbp_anonymous_reply_count":0,"_bbp_topic_count_hidden":0,"_bbp_reply_count_hidden":0,"_bbp_forum_subforum_count":0,"site-sidebar-layout":"default","site-content-layout":"","ast-site-content-layout":"","site-content-style":"default","site-sidebar-style":"default","ast-global-header-display":"","ast-banner-title-visibility":"","ast-main-header-display":"","ast-hfb-above-header-display":"","ast-hfb-below-header-display":"","ast-hfb-mobile-header-display":"","site-post-title":"","ast-breadcrumbs-content":"","ast-featured-img":"","footer-sml-layout":"","theme-transparent-header-meta":"","adv-header-id-meta":"","stick-header-meta":"","header-above-stick-meta":"","header-main-stick-meta":"","header-below-stick-meta":"","astra-migrate-meta-layouts":"default","ast-page-background-enabled":"default","ast-page-background-meta":{"desktop":{"background-color":"var(--ast-global-color-4)","background-image":"","background-repeat":"repeat","background-position":"center center","background-size":"auto","background-attachment":"scroll","background-type":"","background-media":"","overlay-type":"","overlay-color":"","overlay-opacity":"","overlay-gradient":""},"tablet":{"background-color":"","background-image":"","background-repeat":"repeat","background-position":"center center","background-size":"auto","background-attachment":"scroll","background-type":"","background-media":"","overlay-type":"","overlay-color":"","overlay-opacity":"","overlay-gradient":""},"mobile":{"background-color":"","background-image":"","background-repeat":"repeat","background-position":"center center","background-size":"auto","background-attachment":"scroll","background-type":"","background-media":"","overlay-type":"","overlay-color":"","overlay-opacity":"","overlay-gradient":""}},"ast-content-background-meta":{"desktop":{"background-color":"var(--ast-global-color-5)","background-image":"","background-repeat":"repeat","background-position":"center center","background-size":"auto","background-attachment":"scroll","background-type":"","background-media":"","overlay-type":"","overlay-color":"","overlay-opacity":"","overlay-gradient":""},"tablet":{"background-color":"var(--ast-global-color-5)","background-image":"","background-repeat":"repeat","background-position":"center center","background-size":"auto","background-attachment":"scroll","background-type":"","background-media":"","overlay-type":"","overlay-color":"","overlay-opacity":"","overlay-gradient":""},"mobile":{"background-color":"var(--ast-global-color-5)","background-image":"","background-repeat":"repeat","background-position":"center center","background-size":"auto","background-attachment":"scroll","background-type":"","background-media":"","overlay-type":"","overlay-color":"","overlay-opacity":"","overlay-gradient":""}},"footnotes":""},"categories":[346,29,272],"tags":[],"class_list":["post-7591","post","type-post","status-publish","format-standard","has-post-thumbnail","hentry","category-activitats-catalunya","category-portada","category-robotica"],"post_mailing_queue_ids":[],"_links":{"self":[{"href":"https:\/\/serveiseducatius.xtec.cat\/baixpenedes\/wp-json\/wp\/v2\/posts\/7591","targetHints":{"allow":["GET"]}}],"collection":[{"href":"https:\/\/serveiseducatius.xtec.cat\/baixpenedes\/wp-json\/wp\/v2\/posts"}],"about":[{"href":"https:\/\/serveiseducatius.xtec.cat\/baixpenedes\/wp-json\/wp\/v2\/types\/post"}],"author":[{"embeddable":true,"href":"https:\/\/serveiseducatius.xtec.cat\/baixpenedes\/wp-json\/wp\/v2\/users\/7"}],"replies":[{"embeddable":true,"href":"https:\/\/serveiseducatius.xtec.cat\/baixpenedes\/wp-json\/wp\/v2\/comments?post=7591"}],"version-history":[{"count":2,"href":"https:\/\/serveiseducatius.xtec.cat\/baixpenedes\/wp-json\/wp\/v2\/posts\/7591\/revisions"}],"predecessor-version":[{"id":7594,"href":"https:\/\/serveiseducatius.xtec.cat\/baixpenedes\/wp-json\/wp\/v2\/posts\/7591\/revisions\/7594"}],"wp:featuredmedia":[{"embeddable":true,"href":"https:\/\/serveiseducatius.xtec.cat\/baixpenedes\/wp-json\/wp\/v2\/media\/7592"}],"wp:attachment":[{"href":"https:\/\/serveiseducatius.xtec.cat\/baixpenedes\/wp-json\/wp\/v2\/media?parent=7591"}],"wp:term":[{"taxonomy":"category","embeddable":true,"href":"https:\/\/serveiseducatius.xtec.cat\/baixpenedes\/wp-json\/wp\/v2\/categories?post=7591"},{"taxonomy":"post_tag","embeddable":true,"href":"https:\/\/serveiseducatius.xtec.cat\/baixpenedes\/wp-json\/wp\/v2\/tags?post=7591"}],"curies":[{"name":"wp","href":"https:\/\/api.w.org\/{rel}","templated":true}]}}