{"id":7550,"date":"2017-05-22T12:10:15","date_gmt":"2017-05-22T10:10:15","guid":{"rendered":"http:\/\/serveiseducatius.xtec.cat\/baixpenedes\/?p=7550"},"modified":"2017-05-22T13:15:21","modified_gmt":"2017-05-22T11:15:21","slug":"possibilitats-didactiques-dels-jocs-de-taula","status":"publish","type":"post","link":"https:\/\/serveiseducatius.xtec.cat\/baixpenedes\/general\/possibilitats-didactiques-dels-jocs-de-taula\/","title":{"rendered":"Possibilitats did\u00e0ctiques dels jocs de taula."},"content":{"rendered":"<p><img loading=\"lazy\" decoding=\"async\" class=\" wp-image-7552 alignleft\" src=\"http:\/\/serveiseducatius.xtec.cat\/baixpenedes\/wp-content\/uploads\/usu764\/2017\/05\/MRPbp.png\" alt=\"MRPbp\" width=\"469\" height=\"121\" srcset=\"https:\/\/serveiseducatius.xtec.cat\/baixpenedes\/wp-content\/uploads\/usu764\/2017\/05\/MRPbp.png 617w, https:\/\/serveiseducatius.xtec.cat\/baixpenedes\/wp-content\/uploads\/usu764\/2017\/05\/MRPbp-300x77.png 300w\" sizes=\"auto, (max-width: 469px) 100vw, 469px\" \/>El MRP Baix Pened\u00e8s organitza la darrera activitat del curs!<\/p>\n<p>El dia <strong>29 de maig<\/strong> a l&#8217;escola <strong>Pla de Mar de Coma-ruga<\/strong> a les <strong>17.30 h<\/strong> es realitzar\u00e0 una activitat per con\u00e8ixer les moltes possibilitats did\u00e0ctiques dels jocs de taula.<\/p>\n<p>Condu\u00eft per una gran experta en el tema, la Roser Poch. Com sempre us heu d&#8217;inscriure en aquest <img loading=\"lazy\" decoding=\"async\" class=\"size-full wp-image-7555 alignleft\" src=\"http:\/\/serveiseducatius.xtec.cat\/baixpenedes\/wp-content\/uploads\/usu764\/2017\/05\/jocs_aula.png\" alt=\"jocs_aula\" width=\"380\" height=\"253\" srcset=\"https:\/\/serveiseducatius.xtec.cat\/baixpenedes\/wp-content\/uploads\/usu764\/2017\/05\/jocs_aula.png 380w, https:\/\/serveiseducatius.xtec.cat\/baixpenedes\/wp-content\/uploads\/usu764\/2017\/05\/jocs_aula-300x200.png 300w\" sizes=\"auto, (max-width: 380px) 100vw, 380px\" \/>enlla\u00e7: <a href=\"https:\/\/docs.google.com\/a\/xtec.cat\/forms\/d\/1Mk6o2wY0j1NaTF_7k-_vtNBP6iJtzkPsf_otWh9DlHk\/viewform?edit_requested=true\" target=\"_blank\">inscripci\u00f3<\/a><\/p>\n<p>Amb aquesta activitat tancarem el curs!!!! per\u00f2 recordeu que aviat tenim l&#8217;escola d&#8217;estiu.<\/p>\n","protected":false},"excerpt":{"rendered":"<p>El MRP Baix Pened\u00e8s organitza la darrera activitat del curs! El dia 29 de maig a l&#8217;escola Pla de Mar de Coma-ruga a les 17.30 h es realitzar\u00e0 una activitat per con\u00e8ixer les moltes possibilitats did\u00e0ctiques dels jocs de taula. Condu\u00eft per una gran experta en el tema, la Roser Poch. Com sempre us heu [&hellip;]<\/p>\n","protected":false},"author":7,"featured_media":7555,"comment_status":"open","ping_status":"open","sticky":false,"template":"","format":"standard","meta":{"_bbp_topic_count":0,"_bbp_reply_count":0,"_bbp_total_topic_count":0,"_bbp_total_reply_count":0,"_bbp_voice_count":0,"_bbp_anonymous_reply_count":0,"_bbp_topic_count_hidden":0,"_bbp_reply_count_hidden":0,"_bbp_forum_subforum_count":0,"site-sidebar-layout":"default","site-content-layout":"","ast-site-content-layout":"","site-content-style":"default","site-sidebar-style":"default","ast-global-header-display":"","ast-banner-title-visibility":"","ast-main-header-display":"","ast-hfb-above-header-display":"","ast-hfb-below-header-display":"","ast-hfb-mobile-header-display":"","site-post-title":"","ast-breadcrumbs-content":"","ast-featured-img":"","footer-sml-layout":"","theme-transparent-header-meta":"","adv-header-id-meta":"","stick-header-meta":"","header-above-stick-meta":"","header-main-stick-meta":"","header-below-stick-meta":"","astra-migrate-meta-layouts":"default","ast-page-background-enabled":"default","ast-page-background-meta":{"desktop":{"background-color":"var(--ast-global-color-4)","background-image":"","background-repeat":"repeat","background-position":"center center","background-size":"auto","background-attachment":"scroll","background-type":"","background-media":"","overlay-type":"","overlay-color":"","overlay-opacity":"","overlay-gradient":""},"tablet":{"background-color":"","background-image":"","background-repeat":"repeat","background-position":"center center","background-size":"auto","background-attachment":"scroll","background-type":"","background-media":"","overlay-type":"","overlay-color":"","overlay-opacity":"","overlay-gradient":""},"mobile":{"background-color":"","background-image":"","background-repeat":"repeat","background-position":"center center","background-size":"auto","background-attachment":"scroll","background-type":"","background-media":"","overlay-type":"","overlay-color":"","overlay-opacity":"","overlay-gradient":""}},"ast-content-background-meta":{"desktop":{"background-color":"var(--ast-global-color-5)","background-image":"","background-repeat":"repeat","background-position":"center center","background-size":"auto","background-attachment":"scroll","background-type":"","background-media":"","overlay-type":"","overlay-color":"","overlay-opacity":"","overlay-gradient":""},"tablet":{"background-color":"var(--ast-global-color-5)","background-image":"","background-repeat":"repeat","background-position":"center center","background-size":"auto","background-attachment":"scroll","background-type":"","background-media":"","overlay-type":"","overlay-color":"","overlay-opacity":"","overlay-gradient":""},"mobile":{"background-color":"var(--ast-global-color-5)","background-image":"","background-repeat":"repeat","background-position":"center center","background-size":"auto","background-attachment":"scroll","background-type":"","background-media":"","overlay-type":"","overlay-color":"","overlay-opacity":"","overlay-gradient":""}},"footnotes":""},"categories":[343,1,287,29],"tags":[],"class_list":["post-7550","post","type-post","status-publish","format-standard","has-post-thumbnail","hentry","category-activitats-comarca","category-general","category-mrp-baix-penedes","category-portada"],"post_mailing_queue_ids":[],"_links":{"self":[{"href":"https:\/\/serveiseducatius.xtec.cat\/baixpenedes\/wp-json\/wp\/v2\/posts\/7550","targetHints":{"allow":["GET"]}}],"collection":[{"href":"https:\/\/serveiseducatius.xtec.cat\/baixpenedes\/wp-json\/wp\/v2\/posts"}],"about":[{"href":"https:\/\/serveiseducatius.xtec.cat\/baixpenedes\/wp-json\/wp\/v2\/types\/post"}],"author":[{"embeddable":true,"href":"https:\/\/serveiseducatius.xtec.cat\/baixpenedes\/wp-json\/wp\/v2\/users\/7"}],"replies":[{"embeddable":true,"href":"https:\/\/serveiseducatius.xtec.cat\/baixpenedes\/wp-json\/wp\/v2\/comments?post=7550"}],"version-history":[{"count":3,"href":"https:\/\/serveiseducatius.xtec.cat\/baixpenedes\/wp-json\/wp\/v2\/posts\/7550\/revisions"}],"predecessor-version":[{"id":7556,"href":"https:\/\/serveiseducatius.xtec.cat\/baixpenedes\/wp-json\/wp\/v2\/posts\/7550\/revisions\/7556"}],"wp:featuredmedia":[{"embeddable":true,"href":"https:\/\/serveiseducatius.xtec.cat\/baixpenedes\/wp-json\/wp\/v2\/media\/7555"}],"wp:attachment":[{"href":"https:\/\/serveiseducatius.xtec.cat\/baixpenedes\/wp-json\/wp\/v2\/media?parent=7550"}],"wp:term":[{"taxonomy":"category","embeddable":true,"href":"https:\/\/serveiseducatius.xtec.cat\/baixpenedes\/wp-json\/wp\/v2\/categories?post=7550"},{"taxonomy":"post_tag","embeddable":true,"href":"https:\/\/serveiseducatius.xtec.cat\/baixpenedes\/wp-json\/wp\/v2\/tags?post=7550"}],"curies":[{"name":"wp","href":"https:\/\/api.w.org\/{rel}","templated":true}]}}