{"id":7547,"date":"2017-05-22T11:04:48","date_gmt":"2017-05-22T09:04:48","guid":{"rendered":"http:\/\/serveiseducatius.xtec.cat\/baixpenedes\/?p=7547"},"modified":"2017-07-11T09:42:16","modified_gmt":"2017-07-11T07:42:16","slug":"39a-escola-destiu-del-penedes-2017","status":"publish","type":"post","link":"https:\/\/serveiseducatius.xtec.cat\/baixpenedes\/xerrades\/portada\/39a-escola-destiu-del-penedes-2017\/","title":{"rendered":"39a Escola d&#8217;Estiu del Pened\u00e8s. 2017"},"content":{"rendered":"<p><img loading=\"lazy\" decoding=\"async\" class=\"size-full wp-image-7548 alignleft\" src=\"http:\/\/serveiseducatius.xtec.cat\/baixpenedes\/wp-content\/uploads\/usu764\/2017\/05\/EscolaEstiu2017.jpg\" alt=\"EscolaEstiu2017\" width=\"640\" height=\"402\" srcset=\"https:\/\/serveiseducatius.xtec.cat\/baixpenedes\/wp-content\/uploads\/usu764\/2017\/05\/EscolaEstiu2017.jpg 640w, https:\/\/serveiseducatius.xtec.cat\/baixpenedes\/wp-content\/uploads\/usu764\/2017\/05\/EscolaEstiu2017-300x188.jpg 300w\" sizes=\"auto, (max-width: 640px) 100vw, 640px\" \/>Un any m\u00e9s, ja la tenim aqu\u00ed!<\/p>\n<p>Vine a l&#8217;<strong>Escola d&#8217;Estiu del Pened\u00e8s 2017, del 3 al 7 de juliol a Cal Mata, Saifores<\/strong><\/p>\n<p><a href=\"https:\/\/docs.google.com\/document\/d\/1oFUNPh_yBQtMNFIelW5-nwO2cDcxRdKNgUhuhU-Ag20\/edit\" target=\"_blank\" rel=\"noopener noreferrer\">QUADRANT HORARI<\/a><\/p>\n<p><a href=\"https:\/\/docs.google.com\/a\/xtec.cat\/forms\/d\/1d_rLq8cQpAWkGwnTn5Na5Cy7ZLzyeMnoJbiesDeVA5E\/viewform?edit_requested=true\" target=\"_blank\" rel=\"noopener noreferrer\">FORMAULARI D&#8217;INSCRIPCI\u00d3<\/a><\/p>\n<p><a href=\"https:\/\/docs.google.com\/document\/d\/1TgOKU581fatL7GbPYRilWT-kI3egGXHpupAkGTm_h6k\/edit\" target=\"_blank\" rel=\"noopener noreferrer\">PROGRAMA<\/a><\/p>\n<p>M\u00e9s informaci\u00f3:<\/p>\n<p><a href=\"http:\/\/mrpdelgarraf.blogspot.com.es\/2017\/04\/39a-escola-destiu-del-penedes-2017.html\" target=\"_blank\" rel=\"noopener noreferrer\">MRP Garraf<\/a><\/p>\n<p><a href=\"http:\/\/mrpbaixpenedes.blogspot.com.es\/p\/escola-destiu.html\" target=\"_blank\" rel=\"noopener noreferrer\">MRP Baix Pened\u00e8s<\/a><\/p>\n<p>&nbsp;<\/p>\n","protected":false},"excerpt":{"rendered":"<p>Un any m\u00e9s, ja la tenim aqu\u00ed! Vine a l&#8217;Escola d&#8217;Estiu del Pened\u00e8s 2017, del 3 al 7 de juliol a Cal Mata, Saifores QUADRANT HORARI FORMAULARI D&#8217;INSCRIPCI\u00d3 PROGRAMA M\u00e9s informaci\u00f3: MRP Garraf MRP Baix Pened\u00e8s &nbsp;<\/p>\n","protected":false},"author":7,"featured_media":7548,"comment_status":"open","ping_status":"closed","sticky":false,"template":"","format":"standard","meta":{"_bbp_topic_count":0,"_bbp_reply_count":0,"_bbp_total_topic_count":0,"_bbp_total_reply_count":0,"_bbp_voice_count":0,"_bbp_anonymous_reply_count":0,"_bbp_topic_count_hidden":0,"_bbp_reply_count_hidden":0,"_bbp_forum_subforum_count":0,"site-sidebar-layout":"default","site-content-layout":"","ast-site-content-layout":"","site-content-style":"default","site-sidebar-style":"default","ast-global-header-display":"","ast-banner-title-visibility":"","ast-main-header-display":"","ast-hfb-above-header-display":"","ast-hfb-below-header-display":"","ast-hfb-mobile-header-display":"","site-post-title":"","ast-breadcrumbs-content":"","ast-featured-img":"","footer-sml-layout":"","theme-transparent-header-meta":"","adv-header-id-meta":"","stick-header-meta":"","header-above-stick-meta":"","header-main-stick-meta":"","header-below-stick-meta":"","astra-migrate-meta-layouts":"default","ast-page-background-enabled":"default","ast-page-background-meta":{"desktop":{"background-color":"var(--ast-global-color-4)","background-image":"","background-repeat":"repeat","background-position":"center center","background-size":"auto","background-attachment":"scroll","background-type":"","background-media":"","overlay-type":"","overlay-color":"","overlay-opacity":"","overlay-gradient":""},"tablet":{"background-color":"","background-image":"","background-repeat":"repeat","background-position":"center center","background-size":"auto","background-attachment":"scroll","background-type":"","background-media":"","overlay-type":"","overlay-color":"","overlay-opacity":"","overlay-gradient":""},"mobile":{"background-color":"","background-image":"","background-repeat":"repeat","background-position":"center center","background-size":"auto","background-attachment":"scroll","background-type":"","background-media":"","overlay-type":"","overlay-color":"","overlay-opacity":"","overlay-gradient":""}},"ast-content-background-meta":{"desktop":{"background-color":"var(--ast-global-color-5)","background-image":"","background-repeat":"repeat","background-position":"center center","background-size":"auto","background-attachment":"scroll","background-type":"","background-media":"","overlay-type":"","overlay-color":"","overlay-opacity":"","overlay-gradient":""},"tablet":{"background-color":"var(--ast-global-color-5)","background-image":"","background-repeat":"repeat","background-position":"center center","background-size":"auto","background-attachment":"scroll","background-type":"","background-media":"","overlay-type":"","overlay-color":"","overlay-opacity":"","overlay-gradient":""},"mobile":{"background-color":"var(--ast-global-color-5)","background-image":"","background-repeat":"repeat","background-position":"center center","background-size":"auto","background-attachment":"scroll","background-type":"","background-media":"","overlay-type":"","overlay-color":"","overlay-opacity":"","overlay-gradient":""}},"footnotes":""},"categories":[343,287,29],"tags":[],"class_list":["post-7547","post","type-post","status-publish","format-standard","has-post-thumbnail","hentry","category-activitats-comarca","category-mrp-baix-penedes","category-portada"],"post_mailing_queue_ids":[],"_links":{"self":[{"href":"https:\/\/serveiseducatius.xtec.cat\/baixpenedes\/wp-json\/wp\/v2\/posts\/7547","targetHints":{"allow":["GET"]}}],"collection":[{"href":"https:\/\/serveiseducatius.xtec.cat\/baixpenedes\/wp-json\/wp\/v2\/posts"}],"about":[{"href":"https:\/\/serveiseducatius.xtec.cat\/baixpenedes\/wp-json\/wp\/v2\/types\/post"}],"author":[{"embeddable":true,"href":"https:\/\/serveiseducatius.xtec.cat\/baixpenedes\/wp-json\/wp\/v2\/users\/7"}],"replies":[{"embeddable":true,"href":"https:\/\/serveiseducatius.xtec.cat\/baixpenedes\/wp-json\/wp\/v2\/comments?post=7547"}],"version-history":[{"count":2,"href":"https:\/\/serveiseducatius.xtec.cat\/baixpenedes\/wp-json\/wp\/v2\/posts\/7547\/revisions"}],"predecessor-version":[{"id":7977,"href":"https:\/\/serveiseducatius.xtec.cat\/baixpenedes\/wp-json\/wp\/v2\/posts\/7547\/revisions\/7977"}],"wp:featuredmedia":[{"embeddable":true,"href":"https:\/\/serveiseducatius.xtec.cat\/baixpenedes\/wp-json\/wp\/v2\/media\/7548"}],"wp:attachment":[{"href":"https:\/\/serveiseducatius.xtec.cat\/baixpenedes\/wp-json\/wp\/v2\/media?parent=7547"}],"wp:term":[{"taxonomy":"category","embeddable":true,"href":"https:\/\/serveiseducatius.xtec.cat\/baixpenedes\/wp-json\/wp\/v2\/categories?post=7547"},{"taxonomy":"post_tag","embeddable":true,"href":"https:\/\/serveiseducatius.xtec.cat\/baixpenedes\/wp-json\/wp\/v2\/tags?post=7547"}],"curies":[{"name":"wp","href":"https:\/\/api.w.org\/{rel}","templated":true}]}}