{"id":7418,"date":"2017-04-27T13:06:22","date_gmt":"2017-04-27T11:06:22","guid":{"rendered":"http:\/\/serveiseducatius.xtec.cat\/baixpenedes\/?p=7418"},"modified":"2017-05-07T18:08:48","modified_gmt":"2017-05-07T16:08:48","slug":"39e-festival-de-teatre-infantil-i-juvenil-del-baix-penedes","status":"publish","type":"post","link":"https:\/\/serveiseducatius.xtec.cat\/baixpenedes\/dinamitzacio\/festival-teatre-infantil\/39e-festival-de-teatre-infantil-i-juvenil-del-baix-penedes\/","title":{"rendered":"39\u00e8 Festival de Teatre Infantil i Juvenil del Baix Pened\u00e8s"},"content":{"rendered":"<p><img loading=\"lazy\" decoding=\"async\" class=\" wp-image-7034 alignleft\" src=\"http:\/\/serveiseducatius.xtec.cat\/baixpenedes\/wp-content\/uploads\/usu764\/2017\/02\/CARTELL-2017-Baix-Pened\u00e8s.png\" alt=\"cartell-2017-baix-penedes\" width=\"290\" height=\"423\" srcset=\"https:\/\/serveiseducatius.xtec.cat\/baixpenedes\/wp-content\/uploads\/usu764\/2017\/02\/CARTELL-2017-Baix-Pened\u00e8s.png 548w, https:\/\/serveiseducatius.xtec.cat\/baixpenedes\/wp-content\/uploads\/usu764\/2017\/02\/CARTELL-2017-Baix-Pened\u00e8s-206x300.png 206w\" sizes=\"auto, (max-width: 290px) 100vw, 290px\" \/>Moltes felicitats als joves actors i actrius i al seu professorat per l\u2019\u00e8xit aconseguit!<\/p>\n<p>I moltes gr\u00e0cies a tots els espectadors\/es que els\u00a0heu acompanyat amb el vostre caliu!<\/p>\n<p>Han estat <strong>10 matins de Festival<\/strong> molt intensos, amb <strong>35 obres <\/strong>de <strong>23 centres <\/strong>educatius, <strong>775 actors i actrius\u00a0<\/strong>dirigits i coordinats per <strong>66 professors\/es<\/strong>, i m\u00e9s de\u00a0<strong>3400 espectadors\/es<\/strong>.<\/p>\n<p><a href=\"https:\/\/drive.google.com\/file\/d\/0B748z4ht2QAzQ1BMWUR0eUU2QjA\/view\" target=\"_blank\">Taula de participaci\u00f3<\/a> i <a href=\"https:\/\/drive.google.com\/file\/d\/0B748z4ht2QAzRkczOFhINHVuSkU\/view\" target=\"_blank\">Programa<\/a><\/p>\n<p>M\u00e9s informaci\u00f3 a la p\u00e0gina web del <a href=\"https:\/\/sites.google.com\/xtec.cat\/crpbp-festival-teatre\/inici\" target=\"_blank\">Festival de Teatre<\/a><\/p>\n","protected":false},"excerpt":{"rendered":"<p>Moltes felicitats als joves actors i actrius i al seu professorat per l\u2019\u00e8xit aconseguit! I moltes gr\u00e0cies a tots els espectadors\/es que els\u00a0heu acompanyat amb el vostre caliu! Han estat 10 matins de Festival molt intensos, amb 35 obres de 23 centres educatius, 775 actors i actrius\u00a0dirigits i coordinats per 66 professors\/es, i m\u00e9s de\u00a03400 [&hellip;]<\/p>\n","protected":false},"author":46,"featured_media":7034,"comment_status":"open","ping_status":"open","sticky":false,"template":"","format":"standard","meta":{"_bbp_topic_count":0,"_bbp_reply_count":0,"_bbp_total_topic_count":0,"_bbp_total_reply_count":0,"_bbp_voice_count":0,"_bbp_anonymous_reply_count":0,"_bbp_topic_count_hidden":0,"_bbp_reply_count_hidden":0,"_bbp_forum_subforum_count":0,"site-sidebar-layout":"default","site-content-layout":"","ast-site-content-layout":"","site-content-style":"default","site-sidebar-style":"default","ast-global-header-display":"","ast-banner-title-visibility":"","ast-main-header-display":"","ast-hfb-above-header-display":"","ast-hfb-below-header-display":"","ast-hfb-mobile-header-display":"","site-post-title":"","ast-breadcrumbs-content":"","ast-featured-img":"","footer-sml-layout":"","theme-transparent-header-meta":"","adv-header-id-meta":"","stick-header-meta":"","header-above-stick-meta":"","header-main-stick-meta":"","header-below-stick-meta":"","astra-migrate-meta-layouts":"default","ast-page-background-enabled":"default","ast-page-background-meta":{"desktop":{"background-color":"var(--ast-global-color-4)","background-image":"","background-repeat":"repeat","background-position":"center center","background-size":"auto","background-attachment":"scroll","background-type":"","background-media":"","overlay-type":"","overlay-color":"","overlay-opacity":"","overlay-gradient":""},"tablet":{"background-color":"","background-image":"","background-repeat":"repeat","background-position":"center center","background-size":"auto","background-attachment":"scroll","background-type":"","background-media":"","overlay-type":"","overlay-color":"","overlay-opacity":"","overlay-gradient":""},"mobile":{"background-color":"","background-image":"","background-repeat":"repeat","background-position":"center center","background-size":"auto","background-attachment":"scroll","background-type":"","background-media":"","overlay-type":"","overlay-color":"","overlay-opacity":"","overlay-gradient":""}},"ast-content-background-meta":{"desktop":{"background-color":"var(--ast-global-color-5)","background-image":"","background-repeat":"repeat","background-position":"center center","background-size":"auto","background-attachment":"scroll","background-type":"","background-media":"","overlay-type":"","overlay-color":"","overlay-opacity":"","overlay-gradient":""},"tablet":{"background-color":"var(--ast-global-color-5)","background-image":"","background-repeat":"repeat","background-position":"center center","background-size":"auto","background-attachment":"scroll","background-type":"","background-media":"","overlay-type":"","overlay-color":"","overlay-opacity":"","overlay-gradient":""},"mobile":{"background-color":"var(--ast-global-color-5)","background-image":"","background-repeat":"repeat","background-position":"center center","background-size":"auto","background-attachment":"scroll","background-type":"","background-media":"","overlay-type":"","overlay-color":"","overlay-opacity":"","overlay-gradient":""}},"footnotes":""},"categories":[288],"tags":[],"class_list":["post-7418","post","type-post","status-publish","format-standard","has-post-thumbnail","hentry","category-festival-teatre-infantil"],"post_mailing_queue_ids":[],"_links":{"self":[{"href":"https:\/\/serveiseducatius.xtec.cat\/baixpenedes\/wp-json\/wp\/v2\/posts\/7418","targetHints":{"allow":["GET"]}}],"collection":[{"href":"https:\/\/serveiseducatius.xtec.cat\/baixpenedes\/wp-json\/wp\/v2\/posts"}],"about":[{"href":"https:\/\/serveiseducatius.xtec.cat\/baixpenedes\/wp-json\/wp\/v2\/types\/post"}],"author":[{"embeddable":true,"href":"https:\/\/serveiseducatius.xtec.cat\/baixpenedes\/wp-json\/wp\/v2\/users\/46"}],"replies":[{"embeddable":true,"href":"https:\/\/serveiseducatius.xtec.cat\/baixpenedes\/wp-json\/wp\/v2\/comments?post=7418"}],"version-history":[{"count":2,"href":"https:\/\/serveiseducatius.xtec.cat\/baixpenedes\/wp-json\/wp\/v2\/posts\/7418\/revisions"}],"predecessor-version":[{"id":7487,"href":"https:\/\/serveiseducatius.xtec.cat\/baixpenedes\/wp-json\/wp\/v2\/posts\/7418\/revisions\/7487"}],"wp:featuredmedia":[{"embeddable":true,"href":"https:\/\/serveiseducatius.xtec.cat\/baixpenedes\/wp-json\/wp\/v2\/media\/7034"}],"wp:attachment":[{"href":"https:\/\/serveiseducatius.xtec.cat\/baixpenedes\/wp-json\/wp\/v2\/media?parent=7418"}],"wp:term":[{"taxonomy":"category","embeddable":true,"href":"https:\/\/serveiseducatius.xtec.cat\/baixpenedes\/wp-json\/wp\/v2\/categories?post=7418"},{"taxonomy":"post_tag","embeddable":true,"href":"https:\/\/serveiseducatius.xtec.cat\/baixpenedes\/wp-json\/wp\/v2\/tags?post=7418"}],"curies":[{"name":"wp","href":"https:\/\/api.w.org\/{rel}","templated":true}]}}