{"id":7223,"date":"2017-02-23T12:22:01","date_gmt":"2017-02-23T11:22:01","guid":{"rendered":"http:\/\/serveiseducatius.xtec.cat\/baixpenedes\/?p=7223"},"modified":"2017-02-23T12:31:12","modified_gmt":"2017-02-23T11:31:12","slug":"trobada-pedagogica_el-comic-una-eina-pedagogica","status":"publish","type":"post","link":"https:\/\/serveiseducatius.xtec.cat\/baixpenedes\/xerrades\/portada\/trobada-pedagogica_el-comic-una-eina-pedagogica\/","title":{"rendered":"Trobada pedag\u00f2gica_El c\u00f2mic, una eina pedag\u00f2gica"},"content":{"rendered":"<p><img loading=\"lazy\" decoding=\"async\" class=\"aligncenter wp-image-7224 size-medium\" src=\"http:\/\/serveiseducatius.xtec.cat\/baixpenedes\/wp-content\/uploads\/usu764\/2017\/02\/ficomic-300x157.png\" alt=\"ficomic\" width=\"300\" height=\"157\" srcset=\"https:\/\/serveiseducatius.xtec.cat\/baixpenedes\/wp-content\/uploads\/usu764\/2017\/02\/ficomic-300x157.png 300w, https:\/\/serveiseducatius.xtec.cat\/baixpenedes\/wp-content\/uploads\/usu764\/2017\/02\/ficomic.png 326w\" sizes=\"auto, (max-width: 300px) 100vw, 300px\" \/><\/p>\n<p>El <strong>dijous 30 de mar\u00e7<\/strong>, en el marc del <a href=\"http:\/\/ficomic.com\/\" target=\"_blank\">35\u00e8 Sal\u00f3 Internacional del C\u00f2mic de Barcelona<\/a>, tindr\u00e0 lloc la <a href=\"http:\/\/xtec.gencat.cat\/web\/.content\/projectes\/lectura\/impulslectura\/actes-literaris\/activitatsliteraries\/comic\/documents\/programa_jornada_salo-comic_1617.pdf\" target=\"_blank\">X Trobada pedag\u00f2gica: El c\u00f2mic, una eina pedag\u00f2gica<br \/>\n<\/a>A l&#8217;enlla\u00e7 indicat m\u00e9s amunt hi trobar\u00e0s els detalls de la trobada i l\u2019acc\u00e9s al formulari per realitzar la inscripci\u00f3, que romandr\u00e0 oberta fins al 26 de mar\u00e7. Observa que el <strong>nombre de places \u00e9s limitat!<\/strong><\/p>\n","protected":false},"excerpt":{"rendered":"<p>El dijous 30 de mar\u00e7, en el marc del 35\u00e8 Sal\u00f3 Internacional del C\u00f2mic de Barcelona, tindr\u00e0 lloc la X Trobada pedag\u00f2gica: El c\u00f2mic, una eina pedag\u00f2gica A l&#8217;enlla\u00e7 indicat m\u00e9s amunt hi trobar\u00e0s els detalls de la trobada i l\u2019acc\u00e9s al formulari per realitzar la inscripci\u00f3, que romandr\u00e0 oberta fins al 26 de mar\u00e7. [&hellip;]<\/p>\n","protected":false},"author":1,"featured_media":7224,"comment_status":"open","ping_status":"open","sticky":false,"template":"","format":"standard","meta":{"_bbp_topic_count":0,"_bbp_reply_count":0,"_bbp_total_topic_count":0,"_bbp_total_reply_count":0,"_bbp_voice_count":0,"_bbp_anonymous_reply_count":0,"_bbp_topic_count_hidden":0,"_bbp_reply_count_hidden":0,"_bbp_forum_subforum_count":0,"site-sidebar-layout":"default","site-content-layout":"","ast-site-content-layout":"","site-content-style":"default","site-sidebar-style":"default","ast-global-header-display":"","ast-banner-title-visibility":"","ast-main-header-display":"","ast-hfb-above-header-display":"","ast-hfb-below-header-display":"","ast-hfb-mobile-header-display":"","site-post-title":"","ast-breadcrumbs-content":"","ast-featured-img":"","footer-sml-layout":"","theme-transparent-header-meta":"","adv-header-id-meta":"","stick-header-meta":"","header-above-stick-meta":"","header-main-stick-meta":"","header-below-stick-meta":"","astra-migrate-meta-layouts":"default","ast-page-background-enabled":"default","ast-page-background-meta":{"desktop":{"background-color":"var(--ast-global-color-4)","background-image":"","background-repeat":"repeat","background-position":"center center","background-size":"auto","background-attachment":"scroll","background-type":"","background-media":"","overlay-type":"","overlay-color":"","overlay-opacity":"","overlay-gradient":""},"tablet":{"background-color":"","background-image":"","background-repeat":"repeat","background-position":"center center","background-size":"auto","background-attachment":"scroll","background-type":"","background-media":"","overlay-type":"","overlay-color":"","overlay-opacity":"","overlay-gradient":""},"mobile":{"background-color":"","background-image":"","background-repeat":"repeat","background-position":"center center","background-size":"auto","background-attachment":"scroll","background-type":"","background-media":"","overlay-type":"","overlay-color":"","overlay-opacity":"","overlay-gradient":""}},"ast-content-background-meta":{"desktop":{"background-color":"var(--ast-global-color-5)","background-image":"","background-repeat":"repeat","background-position":"center center","background-size":"auto","background-attachment":"scroll","background-type":"","background-media":"","overlay-type":"","overlay-color":"","overlay-opacity":"","overlay-gradient":""},"tablet":{"background-color":"var(--ast-global-color-5)","background-image":"","background-repeat":"repeat","background-position":"center center","background-size":"auto","background-attachment":"scroll","background-type":"","background-media":"","overlay-type":"","overlay-color":"","overlay-opacity":"","overlay-gradient":""},"mobile":{"background-color":"var(--ast-global-color-5)","background-image":"","background-repeat":"repeat","background-position":"center center","background-size":"auto","background-attachment":"scroll","background-type":"","background-media":"","overlay-type":"","overlay-color":"","overlay-opacity":"","overlay-gradient":""}},"footnotes":""},"categories":[29],"tags":[],"class_list":["post-7223","post","type-post","status-publish","format-standard","has-post-thumbnail","hentry","category-portada"],"post_mailing_queue_ids":[],"_links":{"self":[{"href":"https:\/\/serveiseducatius.xtec.cat\/baixpenedes\/wp-json\/wp\/v2\/posts\/7223","targetHints":{"allow":["GET"]}}],"collection":[{"href":"https:\/\/serveiseducatius.xtec.cat\/baixpenedes\/wp-json\/wp\/v2\/posts"}],"about":[{"href":"https:\/\/serveiseducatius.xtec.cat\/baixpenedes\/wp-json\/wp\/v2\/types\/post"}],"author":[{"embeddable":true,"href":"https:\/\/serveiseducatius.xtec.cat\/baixpenedes\/wp-json\/wp\/v2\/users\/1"}],"replies":[{"embeddable":true,"href":"https:\/\/serveiseducatius.xtec.cat\/baixpenedes\/wp-json\/wp\/v2\/comments?post=7223"}],"version-history":[{"count":2,"href":"https:\/\/serveiseducatius.xtec.cat\/baixpenedes\/wp-json\/wp\/v2\/posts\/7223\/revisions"}],"predecessor-version":[{"id":7226,"href":"https:\/\/serveiseducatius.xtec.cat\/baixpenedes\/wp-json\/wp\/v2\/posts\/7223\/revisions\/7226"}],"wp:featuredmedia":[{"embeddable":true,"href":"https:\/\/serveiseducatius.xtec.cat\/baixpenedes\/wp-json\/wp\/v2\/media\/7224"}],"wp:attachment":[{"href":"https:\/\/serveiseducatius.xtec.cat\/baixpenedes\/wp-json\/wp\/v2\/media?parent=7223"}],"wp:term":[{"taxonomy":"category","embeddable":true,"href":"https:\/\/serveiseducatius.xtec.cat\/baixpenedes\/wp-json\/wp\/v2\/categories?post=7223"},{"taxonomy":"post_tag","embeddable":true,"href":"https:\/\/serveiseducatius.xtec.cat\/baixpenedes\/wp-json\/wp\/v2\/tags?post=7223"}],"curies":[{"name":"wp","href":"https:\/\/api.w.org\/{rel}","templated":true}]}}