{"id":7044,"date":"2017-02-09T09:37:18","date_gmt":"2017-02-09T08:37:18","guid":{"rendered":"http:\/\/serveiseducatius.xtec.cat\/baixpenedes\/?p=7044"},"modified":"2017-02-09T09:38:57","modified_gmt":"2017-02-09T08:38:57","slug":"vil-la-museu-pau-casals","status":"publish","type":"post","link":"https:\/\/serveiseducatius.xtec.cat\/baixpenedes\/xerrades\/portada\/vil-la-museu-pau-casals\/","title":{"rendered":"Vil.la Museu Pau Casals"},"content":{"rendered":"<p><img loading=\"lazy\" decoding=\"async\" class=\"aligncenter wp-image-7045 size-medium\" src=\"http:\/\/serveiseducatius.xtec.cat\/baixpenedes\/wp-content\/uploads\/usu764\/2017\/02\/vilaMuseu-300x145.png\" alt=\"vilamuseu\" width=\"300\" height=\"145\" srcset=\"https:\/\/serveiseducatius.xtec.cat\/baixpenedes\/wp-content\/uploads\/usu764\/2017\/02\/vilaMuseu-300x145.png 300w, https:\/\/serveiseducatius.xtec.cat\/baixpenedes\/wp-content\/uploads\/usu764\/2017\/02\/vilaMuseu.png 609w\" sizes=\"auto, (max-width: 300px) 100vw, 300px\" \/><\/p>\n<p>TORNEN LES ACTIVITATS FAMILIARS, TEATRALITZAES I GASTRON\u00d2MIQUES AL MUSEU PAU CASALS. NO HI PODEU FALTAR!<\/p>\n<p>DIUMENGE 12 DE FEBRER<\/p>\n<p><span style=\"text-decoration: underline;\"><strong>Activitat familiar: Conte musical \u201cDes d\u2019aquell dia les trompes s\u00f3n recargolades\u201d<\/strong><\/span><\/p>\n<p>Enviar missatges mai no ha estat tan f\u00e0cil com ara que tenim tel\u00e8fons m\u00f2bils i internet. Per\u00f2 fa molts i molts anys, els missatges s\u2019enviaven a cop de trompa: ta-ra-r\u00ed\u00ed\u00ed, ta-t\u00e0\u00e0! Un dia, en va passar una de molt grossa i els trompistes van haver d\u2019espavilar-se. Aquesta hist\u00f2ria explica, amb m\u00fasica d\u2019autors com Txaikovski, Rossini o Mozart, com \u00e9s que des d\u2019aquell dia les trompes s\u00f3n tan recargolades. No us ho perdeu!<\/p>\n<p>Conte musical a c\u00e0rrec de David Puertas (narrador) i Pepe Reche (trompa)<\/p>\n<p>Horari: A les 12h<br \/>\nPreu: 3\u20ac\/persona (adults i infants)<br \/>\nEdat: de 3 a 10 anys<\/p>\n<p>Places limitades. Cal fer reserva pr\u00e8via al tel\u00e8fon 977.684276 o per c\/e museu@paucasals.org<\/p>\n<p>DIUMENGE 19 DE FEBRER<\/p>\n<p><span style=\"text-decoration: underline;\"><strong>Visita teatralitzada \u201cDescobrim tots els racons de la casa de Pau Casals de la m\u00e0 de la Maria i el Ramon\u201d<\/strong><\/span><\/p>\n<p>Una visita pensada per al p\u00fablic familiar en qu\u00e8 el Ramon, pescador de la platja de Sant Salvador, i la Maria, la minyona de la Vil\u00b7la Casals, ens expliquen la hist\u00f2ria de Sant Salvador i la vida de Pau Casals d\u2019una manera l\u00fadica i divertida. L\u2019activitat s\u2019inclou dins del Cicle \u201cPetits Grans Genis\u201d d\u2019activitats especials en fam\u00edlia, que tindr\u00e0 lloc els mesos de febrer, mar\u00e7 i abril als municipis de la Costa Daurada i les Terres de l\u2019Ebre que formen part de la Ruta del Paisatge des Genis: El Vendrell, Reus, Mont-roig Miami i Horta de Sant Joan.<\/p>\n<p>Horari: A les 11.30h<br \/>\nPreu: 5\u20ac (adults) 3\u20ac (infants)<br \/>\nEdat: P\u00fablic familiar<br \/>\nActors: Albert Figueras Dalmau \/ \u00cdngrid Jan\u00e9 Catal\u00e0<\/p>\n<p>Places limitades. Cal fer reserva pr\u00e8via al tel\u00e8fon 977.684276 o per c\/e museu@paucasals.org<\/p>\n<p><span style=\"text-decoration: underline;\"><strong>RUTA DEL XAT\u00d3<\/strong><\/span><\/p>\n<p>Us proposem una visita al Museu Pau Casals i en acabar un men\u00fa Xatonada al Restaurant Vil\u00b7la Casals. Aquest \u00e0pat t\u00edpic de les poblacions del Vendrell, Calafell, Sitges, Vilafranca del Pened\u00e8s i Vilanova i la Geltr\u00fa es converteix en un atractiu m\u00e9s, juntament amb el paisatge i els equipaments culturals, de les comarques del Pened\u00e8s i el Garraf. No us deixar\u00e0 indiferent!<\/p>\n<p>TARIFA GRUPS : 27\u20ac\/persona (de dimarts a divendres) &#8211; 30\u20ac\/persona (caps de setmana). M\u00ednim 15pax<br \/>\nINCLOU: Visita guiada al Museu Pau Casals + Men\u00fa xatonada<br \/>\nCal fer reserva pr\u00e8via al 977 684 276 o per c\/e al museu@paucasals.org<\/p>\n<p>TARIFA INDIVIDUAL: 30\/\u20ac persona<br \/>\nINCLOU: Entrada al Museu + men\u00fa xatonada<br \/>\nNO INLOU: Visita guiada al museu<\/p>\n","protected":false},"excerpt":{"rendered":"<p>TORNEN LES ACTIVITATS FAMILIARS, TEATRALITZAES I GASTRON\u00d2MIQUES AL MUSEU PAU CASALS. NO HI PODEU FALTAR! DIUMENGE 12 DE FEBRER Activitat familiar: Conte musical \u201cDes d\u2019aquell dia les trompes s\u00f3n recargolades\u201d Enviar missatges mai no ha estat tan f\u00e0cil com ara que tenim tel\u00e8fons m\u00f2bils i internet. Per\u00f2 fa molts i molts anys, els missatges s\u2019enviaven [&hellip;]<\/p>\n","protected":false},"author":1,"featured_media":7045,"comment_status":"open","ping_status":"open","sticky":false,"template":"","format":"standard","meta":{"_bbp_topic_count":0,"_bbp_reply_count":0,"_bbp_total_topic_count":0,"_bbp_total_reply_count":0,"_bbp_voice_count":0,"_bbp_anonymous_reply_count":0,"_bbp_topic_count_hidden":0,"_bbp_reply_count_hidden":0,"_bbp_forum_subforum_count":0,"site-sidebar-layout":"default","site-content-layout":"","ast-site-content-layout":"","site-content-style":"default","site-sidebar-style":"default","ast-global-header-display":"","ast-banner-title-visibility":"","ast-main-header-display":"","ast-hfb-above-header-display":"","ast-hfb-below-header-display":"","ast-hfb-mobile-header-display":"","site-post-title":"","ast-breadcrumbs-content":"","ast-featured-img":"","footer-sml-layout":"","theme-transparent-header-meta":"","adv-header-id-meta":"","stick-header-meta":"","header-above-stick-meta":"","header-main-stick-meta":"","header-below-stick-meta":"","astra-migrate-meta-layouts":"default","ast-page-background-enabled":"default","ast-page-background-meta":{"desktop":{"background-color":"var(--ast-global-color-4)","background-image":"","background-repeat":"repeat","background-position":"center center","background-size":"auto","background-attachment":"scroll","background-type":"","background-media":"","overlay-type":"","overlay-color":"","overlay-opacity":"","overlay-gradient":""},"tablet":{"background-color":"","background-image":"","background-repeat":"repeat","background-position":"center center","background-size":"auto","background-attachment":"scroll","background-type":"","background-media":"","overlay-type":"","overlay-color":"","overlay-opacity":"","overlay-gradient":""},"mobile":{"background-color":"","background-image":"","background-repeat":"repeat","background-position":"center center","background-size":"auto","background-attachment":"scroll","background-type":"","background-media":"","overlay-type":"","overlay-color":"","overlay-opacity":"","overlay-gradient":""}},"ast-content-background-meta":{"desktop":{"background-color":"var(--ast-global-color-5)","background-image":"","background-repeat":"repeat","background-position":"center center","background-size":"auto","background-attachment":"scroll","background-type":"","background-media":"","overlay-type":"","overlay-color":"","overlay-opacity":"","overlay-gradient":""},"tablet":{"background-color":"var(--ast-global-color-5)","background-image":"","background-repeat":"repeat","background-position":"center center","background-size":"auto","background-attachment":"scroll","background-type":"","background-media":"","overlay-type":"","overlay-color":"","overlay-opacity":"","overlay-gradient":""},"mobile":{"background-color":"var(--ast-global-color-5)","background-image":"","background-repeat":"repeat","background-position":"center center","background-size":"auto","background-attachment":"scroll","background-type":"","background-media":"","overlay-type":"","overlay-color":"","overlay-opacity":"","overlay-gradient":""}},"footnotes":""},"categories":[29],"tags":[],"class_list":["post-7044","post","type-post","status-publish","format-standard","has-post-thumbnail","hentry","category-portada"],"post_mailing_queue_ids":[],"_links":{"self":[{"href":"https:\/\/serveiseducatius.xtec.cat\/baixpenedes\/wp-json\/wp\/v2\/posts\/7044","targetHints":{"allow":["GET"]}}],"collection":[{"href":"https:\/\/serveiseducatius.xtec.cat\/baixpenedes\/wp-json\/wp\/v2\/posts"}],"about":[{"href":"https:\/\/serveiseducatius.xtec.cat\/baixpenedes\/wp-json\/wp\/v2\/types\/post"}],"author":[{"embeddable":true,"href":"https:\/\/serveiseducatius.xtec.cat\/baixpenedes\/wp-json\/wp\/v2\/users\/1"}],"replies":[{"embeddable":true,"href":"https:\/\/serveiseducatius.xtec.cat\/baixpenedes\/wp-json\/wp\/v2\/comments?post=7044"}],"version-history":[{"count":2,"href":"https:\/\/serveiseducatius.xtec.cat\/baixpenedes\/wp-json\/wp\/v2\/posts\/7044\/revisions"}],"predecessor-version":[{"id":7047,"href":"https:\/\/serveiseducatius.xtec.cat\/baixpenedes\/wp-json\/wp\/v2\/posts\/7044\/revisions\/7047"}],"wp:featuredmedia":[{"embeddable":true,"href":"https:\/\/serveiseducatius.xtec.cat\/baixpenedes\/wp-json\/wp\/v2\/media\/7045"}],"wp:attachment":[{"href":"https:\/\/serveiseducatius.xtec.cat\/baixpenedes\/wp-json\/wp\/v2\/media?parent=7044"}],"wp:term":[{"taxonomy":"category","embeddable":true,"href":"https:\/\/serveiseducatius.xtec.cat\/baixpenedes\/wp-json\/wp\/v2\/categories?post=7044"},{"taxonomy":"post_tag","embeddable":true,"href":"https:\/\/serveiseducatius.xtec.cat\/baixpenedes\/wp-json\/wp\/v2\/tags?post=7044"}],"curies":[{"name":"wp","href":"https:\/\/api.w.org\/{rel}","templated":true}]}}