{"id":6923,"date":"2017-01-23T11:25:43","date_gmt":"2017-01-23T10:25:43","guid":{"rendered":"http:\/\/serveiseducatius.xtec.cat\/baixpenedes\/?p=6923"},"modified":"2017-01-23T11:26:21","modified_gmt":"2017-01-23T10:26:21","slug":"ajuts-pont-per-a-projectes-educatius-convocatoria-2017","status":"publish","type":"post","link":"https:\/\/serveiseducatius.xtec.cat\/baixpenedes\/xerrades\/portada\/ajuts-pont-per-a-projectes-educatius-convocatoria-2017\/","title":{"rendered":"Ajuts Pont per a projectes educatius (convocat\u00f2ria 2017)"},"content":{"rendered":"<p><img loading=\"lazy\" decoding=\"async\" class=\"aligncenter wp-image-6924 size-full\" src=\"http:\/\/serveiseducatius.xtec.cat\/baixpenedes\/wp-content\/uploads\/usu764\/2017\/01\/ajutsURV.png\" alt=\"ajutsurv\" width=\"201\" height=\"51\" srcset=\"https:\/\/serveiseducatius.xtec.cat\/baixpenedes\/wp-content\/uploads\/usu764\/2017\/01\/ajutsURV.png 201w, https:\/\/serveiseducatius.xtec.cat\/baixpenedes\/wp-content\/uploads\/usu764\/2017\/01\/ajutsURV-200x51.png 200w\" sizes=\"auto, (max-width: 201px) 100vw, 201px\" \/><\/p>\n<p>Els <strong>Ajuts Pont per a projectes educatius (convocat\u00f2ria 2017)<\/strong> tenen la finalitat de visibilitzar, ordenar i universalitzar la transfer\u00e8ncia de coneixement entre la comunitat universit\u00e0ria i la resta del sistema educatiu a partir de projectes d&#8217;innovaci\u00f3 conjunts.<\/p>\n<p>S\u00f3n objectius generals:<\/p>\n<ul>\n<li><strong>Promoure la col\u00b7laboraci\u00f3<\/strong> entre els docents de la URV i els docents de l\u2019ensenyament infantil, primari i secundari.<\/li>\n<li><strong>Impulsar projectes educatius<\/strong> que contribueixen a la millora de l\u2019ensenyament.<\/li>\n<li><strong>Difondre els projectes<\/strong> i les bones pr\u00e0ctiques entre la comunitat educativa.<\/li>\n<\/ul>\n<p>Estan destinats a potenciar la creaci\u00f3 de <strong>grups de treball integrats per professorat d\u2019Educaci\u00f3 Infantil, Prim\u00e0ria i Secund\u00e0ria de la demarcaci\u00f3 de Tarragona conjuntament amb professorat de la URV<\/strong> \u2013de qualsevol \u00e0rea de coneixement dels seus estudis-, amb la voluntat d&#8217;establir sinergies en l\u2019\u00e0mbit territorial d\u2019influ\u00e8ncia de la Universitat Rovira i Virgili i dels Serveis Territorials d\u2019Ensenyament de Tarragona i de Terres de l\u2019Ebre.<\/p>\n<p>Els <strong>projectes poden ser presentats per una Escola, un Col\u00b7legi o un Institut<\/strong> de manera <strong>individual<\/strong> o per <strong>diversos centres de manera conjunta<\/strong>, i han de tenir, si m\u00e9s no, algun d\u2019aquests objectius:<\/p>\n<ul>\n<li>Aplicaci\u00f3 docent de recerques i investigacions realitzades a la URV a les aules d\u2019Infantil, Prim\u00e0ria, Secund\u00e0ria Obligat\u00f2ria, Batxillerat i Formaci\u00f3 Professional<\/li>\n<li>Generaci\u00f3 de materials docents a partir de la praxis educativa i de la recerca universit\u00e0ria<\/li>\n<\/ul>\n<p>Els projectes seleccionats rebran un ajut m\u00e0xim de <strong>1500 \u20ac<\/strong> cadascun, fins a un m\u00e0xim de <strong>10 projectes<\/strong>, distribu\u00efts entre tots els nivells educatius no universitaris i en tot l\u2019\u00e0mbit territorial de la convocat\u00f2ria, a partir d\u2019un proc\u00e9s de concurr\u00e8ncia p\u00fablica.<br \/>\nEl termini de presentaci\u00f3 dels projectes s\u2019iniciar\u00e0 el <strong>3 d\u2019abril de 2017<\/strong> i acabar\u00e0 el <strong>16 de maig de 2017<\/strong>.<\/p>\n<p>En el Jurat que efectuar\u00e0 la selecci\u00f3 dels projectes, hi participaran, a m\u00e9s de membres del Consell Social i de l\u2019Institut de Ci\u00e8ncies de l\u2019Educaci\u00f3, representants del <strong>Rectorat de la URV<\/strong> i dels <strong>Serveis Territorials de Tarragona i de Terres de l\u2019Ebre<\/strong> del Departament d\u2019Ensenyament, que col\u00b7laboren de manera directa amb aquesta quarta convocat\u00f2ria dels Ajuts Pont.<\/p>\n<p>A la p\u00e0gina web del Consell Social hi trobareu les <a href=\"http:\/\/wwwa.urv.net\/ogovern\/consellsocial\/Ajut%20Pont\/CajutPont2017.pdf\" target=\"_blank\">Bases de la Convocat\u00f2ria 2017<\/a><\/p>\n","protected":false},"excerpt":{"rendered":"<p>Els Ajuts Pont per a projectes educatius (convocat\u00f2ria 2017) tenen la finalitat de visibilitzar, ordenar i universalitzar la transfer\u00e8ncia de coneixement entre la comunitat universit\u00e0ria i la resta del sistema educatiu a partir de projectes d&#8217;innovaci\u00f3 conjunts. S\u00f3n objectius generals: Promoure la col\u00b7laboraci\u00f3 entre els docents de la URV i els docents de l\u2019ensenyament infantil, [&hellip;]<\/p>\n","protected":false},"author":1,"featured_media":6924,"comment_status":"open","ping_status":"open","sticky":false,"template":"","format":"standard","meta":{"_bbp_topic_count":0,"_bbp_reply_count":0,"_bbp_total_topic_count":0,"_bbp_total_reply_count":0,"_bbp_voice_count":0,"_bbp_anonymous_reply_count":0,"_bbp_topic_count_hidden":0,"_bbp_reply_count_hidden":0,"_bbp_forum_subforum_count":0,"site-sidebar-layout":"default","site-content-layout":"","ast-site-content-layout":"","site-content-style":"default","site-sidebar-style":"default","ast-global-header-display":"","ast-banner-title-visibility":"","ast-main-header-display":"","ast-hfb-above-header-display":"","ast-hfb-below-header-display":"","ast-hfb-mobile-header-display":"","site-post-title":"","ast-breadcrumbs-content":"","ast-featured-img":"","footer-sml-layout":"","theme-transparent-header-meta":"","adv-header-id-meta":"","stick-header-meta":"","header-above-stick-meta":"","header-main-stick-meta":"","header-below-stick-meta":"","astra-migrate-meta-layouts":"default","ast-page-background-enabled":"default","ast-page-background-meta":{"desktop":{"background-color":"var(--ast-global-color-4)","background-image":"","background-repeat":"repeat","background-position":"center center","background-size":"auto","background-attachment":"scroll","background-type":"","background-media":"","overlay-type":"","overlay-color":"","overlay-opacity":"","overlay-gradient":""},"tablet":{"background-color":"","background-image":"","background-repeat":"repeat","background-position":"center center","background-size":"auto","background-attachment":"scroll","background-type":"","background-media":"","overlay-type":"","overlay-color":"","overlay-opacity":"","overlay-gradient":""},"mobile":{"background-color":"","background-image":"","background-repeat":"repeat","background-position":"center center","background-size":"auto","background-attachment":"scroll","background-type":"","background-media":"","overlay-type":"","overlay-color":"","overlay-opacity":"","overlay-gradient":""}},"ast-content-background-meta":{"desktop":{"background-color":"var(--ast-global-color-5)","background-image":"","background-repeat":"repeat","background-position":"center center","background-size":"auto","background-attachment":"scroll","background-type":"","background-media":"","overlay-type":"","overlay-color":"","overlay-opacity":"","overlay-gradient":""},"tablet":{"background-color":"var(--ast-global-color-5)","background-image":"","background-repeat":"repeat","background-position":"center center","background-size":"auto","background-attachment":"scroll","background-type":"","background-media":"","overlay-type":"","overlay-color":"","overlay-opacity":"","overlay-gradient":""},"mobile":{"background-color":"var(--ast-global-color-5)","background-image":"","background-repeat":"repeat","background-position":"center center","background-size":"auto","background-attachment":"scroll","background-type":"","background-media":"","overlay-type":"","overlay-color":"","overlay-opacity":"","overlay-gradient":""}},"footnotes":""},"categories":[29],"tags":[],"class_list":["post-6923","post","type-post","status-publish","format-standard","has-post-thumbnail","hentry","category-portada"],"post_mailing_queue_ids":[],"_links":{"self":[{"href":"https:\/\/serveiseducatius.xtec.cat\/baixpenedes\/wp-json\/wp\/v2\/posts\/6923","targetHints":{"allow":["GET"]}}],"collection":[{"href":"https:\/\/serveiseducatius.xtec.cat\/baixpenedes\/wp-json\/wp\/v2\/posts"}],"about":[{"href":"https:\/\/serveiseducatius.xtec.cat\/baixpenedes\/wp-json\/wp\/v2\/types\/post"}],"author":[{"embeddable":true,"href":"https:\/\/serveiseducatius.xtec.cat\/baixpenedes\/wp-json\/wp\/v2\/users\/1"}],"replies":[{"embeddable":true,"href":"https:\/\/serveiseducatius.xtec.cat\/baixpenedes\/wp-json\/wp\/v2\/comments?post=6923"}],"version-history":[{"count":2,"href":"https:\/\/serveiseducatius.xtec.cat\/baixpenedes\/wp-json\/wp\/v2\/posts\/6923\/revisions"}],"predecessor-version":[{"id":6926,"href":"https:\/\/serveiseducatius.xtec.cat\/baixpenedes\/wp-json\/wp\/v2\/posts\/6923\/revisions\/6926"}],"wp:featuredmedia":[{"embeddable":true,"href":"https:\/\/serveiseducatius.xtec.cat\/baixpenedes\/wp-json\/wp\/v2\/media\/6924"}],"wp:attachment":[{"href":"https:\/\/serveiseducatius.xtec.cat\/baixpenedes\/wp-json\/wp\/v2\/media?parent=6923"}],"wp:term":[{"taxonomy":"category","embeddable":true,"href":"https:\/\/serveiseducatius.xtec.cat\/baixpenedes\/wp-json\/wp\/v2\/categories?post=6923"},{"taxonomy":"post_tag","embeddable":true,"href":"https:\/\/serveiseducatius.xtec.cat\/baixpenedes\/wp-json\/wp\/v2\/tags?post=6923"}],"curies":[{"name":"wp","href":"https:\/\/api.w.org\/{rel}","templated":true}]}}